{"id":18603,"date":"2025-03-06T11:42:19","date_gmt":"2025-03-06T13:42:19","guid":{"rendered":"https:\/\/blog.cancaonova.com\/paisecatequistas\/?p=18603"},"modified":"2025-03-06T12:23:40","modified_gmt":"2025-03-06T14:23:40","slug":"os-sete-pecados-capitais","status":"publish","type":"post","link":"https:\/\/blog.cancaonova.com\/paisecatequistas\/os-sete-pecados-capitais\/","title":{"rendered":"Os sete pecados capitais"},"content":{"rendered":"<div class=\"your-tailwind-classes text-md py-1\">Voc\u00ea sabe quais e quantos s\u00e3o os pecados capitais?<\/div>\n<div>Eles s\u00e3o sete: <b>avareza, gula, inveja, ira, lux\u00faria, pregui\u00e7a e soberba<\/b>.<\/div>\n<div class=\"your-tailwind-classes text-md py-1\">\nGabriel est\u00e1 aprendendo sobre eles, e o pecado da lux\u00faria o deixou intrigado na hora de fazer o seu diarinho b\u00edblico. Mas ele contou com a ajuda do Janj\u00e3o. Vamos conferir?<\/div>\n<div class=\"your-tailwind-classes text-md py-1\"><\/div>\n<p><iframe loading=\"lazy\" title=\"Diarinho: 7 pecados capitais\" width=\"600\" height=\"338\" src=\"https:\/\/www.youtube.com\/embed\/hxEh49uPzRI?feature=oembed&amp;rel=0\" frameborder=\"0\" allow=\"accelerometer; autoplay; clipboard-write; encrypted-media; gyroscope; picture-in-picture; web-share\" referrerpolicy=\"strict-origin-when-cross-origin\" allowfullscreen><\/iframe><\/p>\n","protected":false},"excerpt":{"rendered":"<p>Voc\u00ea sabe quais e quantos s\u00e3o os pecados capitais?<br \/>\nGabriel esta aprendendo sobre eles, e o pecado da Lux\u00faria o deixou intrigado na hora de fazer o seu diarinho b\u00edblico. Mas ele contou com a ajuda do Janj\u00e3o para lhe auxiliar. Vamos conferir? <a href=\"https:\/\/blog.cancaonova.com\/paisecatequistas\/os-sete-pecados-capitais\/\">Continue lendo <span class=\"meta-nav\">&rarr;<\/span><\/a><\/p>\n","protected":false},"author":4340,"featured_media":18604,"comment_status":"closed","ping_status":"closed","sticky":false,"template":"","format":"standard","meta":{"_mi_skip_tracking":false,"_monsterinsights_sitenote_active":false,"_monsterinsights_sitenote_note":"","_monsterinsights_sitenote_category":0,"footnotes":""},"categories":[200710],"tags":[289743,16619,289742,289741],"_links":{"self":[{"href":"https:\/\/blog.cancaonova.com\/paisecatequistas\/wp-json\/wp\/v2\/posts\/18603"}],"collection":[{"href":"https:\/\/blog.cancaonova.com\/paisecatequistas\/wp-json\/wp\/v2\/posts"}],"about":[{"href":"https:\/\/blog.cancaonova.com\/paisecatequistas\/wp-json\/wp\/v2\/types\/post"}],"author":[{"embeddable":true,"href":"https:\/\/blog.cancaonova.com\/paisecatequistas\/wp-json\/wp\/v2\/users\/4340"}],"replies":[{"embeddable":true,"href":"https:\/\/blog.cancaonova.com\/paisecatequistas\/wp-json\/wp\/v2\/comments?post=18603"}],"version-history":[{"count":5,"href":"https:\/\/blog.cancaonova.com\/paisecatequistas\/wp-json\/wp\/v2\/posts\/18603\/revisions"}],"predecessor-version":[{"id":18609,"href":"https:\/\/blog.cancaonova.com\/paisecatequistas\/wp-json\/wp\/v2\/posts\/18603\/revisions\/18609"}],"wp:featuredmedia":[{"embeddable":true,"href":"https:\/\/blog.cancaonova.com\/paisecatequistas\/wp-json\/wp\/v2\/media\/18604"}],"wp:attachment":[{"href":"https:\/\/blog.cancaonova.com\/paisecatequistas\/wp-json\/wp\/v2\/media?parent=18603"}],"wp:term":[{"taxonomy":"category","embeddable":true,"href":"https:\/\/blog.cancaonova.com\/paisecatequistas\/wp-json\/wp\/v2\/categories?post=18603"},{"taxonomy":"post_tag","embeddable":true,"href":"https:\/\/blog.cancaonova.com\/paisecatequistas\/wp-json\/wp\/v2\/tags?post=18603"}],"curies":[{"name":"wp","href":"https:\/\/api.w.org\/{rel}","templated":true}]}}