{"id":18617,"date":"2025-03-06T14:46:42","date_gmt":"2025-03-06T16:46:42","guid":{"rendered":"https:\/\/blog.cancaonova.com\/paisecatequistas\/?p=18617"},"modified":"2025-03-10T11:55:26","modified_gmt":"2025-03-10T13:55:26","slug":"jornada-das-virtudes-temperanca","status":"publish","type":"post","link":"https:\/\/blog.cancaonova.com\/paisecatequistas\/jornada-das-virtudes-temperanca\/","title":{"rendered":"Jornada das Virtudes - A Temperan\u00e7a"},"content":{"rendered":"<p>No m\u00eas de mar\u00e7o, os pequeninos continuam com a Jornada das Virtudes em busca da segunda virtude: a Temperan\u00e7a. Por meio das historinhas, atividades e ensinamentos, as crian\u00e7as poder\u00e3o entender melhor a Temperan\u00e7a e continuar realizando as atividades da Jornada. Al\u00e9m de, \u00e9 claro, aprender mais sobre a Igreja e a nossa f\u00e9!<\/p>\n<p><iframe loading=\"lazy\" title=\"Revista Can\u00c3\u00a7\u00c3\u00a3o Nova Kids I Mar\u00c3\u00a7o 2025\" width=\"600\" height=\"338\" src=\"https:\/\/www.youtube.com\/embed\/AW5RBZDJcVM?feature=oembed&amp;rel=0\" frameborder=\"0\" allow=\"accelerometer; autoplay; clipboard-write; encrypted-media; gyroscope; picture-in-picture; web-share\" referrerpolicy=\"strict-origin-when-cross-origin\" allowfullscreen><\/iframe><\/p>\n<p><a href=\"https:\/\/img.cancaonova.com\/cnimages\/canais\/uploads\/sites\/12\/2025\/02\/Revista-160-Marco-2025.pdf\"><img loading=\"lazy\" decoding=\"async\" class=\"size-full wp-image-18619 alignnone\" src=\"http:\/\/blog.cancaonova.com\/paisecatequistas\/files\/2025\/03\/Captura-de-tela-2025-03-06-132016.jpg\" alt=\"\" width=\"410\" height=\"625\" srcset=\"https:\/\/blog.cancaonova.com\/paisecatequistas\/files\/2025\/03\/Captura-de-tela-2025-03-06-132016.jpg 410w, https:\/\/blog.cancaonova.com\/paisecatequistas\/files\/2025\/03\/Captura-de-tela-2025-03-06-132016-197x300.jpg 197w\" sizes=\"(max-width: 410px) 100vw, 410px\" \/><\/a><\/p>\n<p>Seja um s\u00f3cio kids, entre para a nossa fam\u00edlia.<\/p>\n<p><strong><a href=\"https:\/\/clube.cancaonova.com\/\" target=\"_blank\" rel=\"noopener\">Clube da Evangeliza\u00e7\u00e3o<\/a><\/strong><\/p>\n<p>&nbsp;<\/p>\n","protected":false},"excerpt":{"rendered":"<p>No m\u00eas de mar\u00e7o, os pequeninos continuam com a Jornada das Virtudes, em busca da segunda virtude: a Temperan\u00e7a. Por meio das historinhas, atividades e ensinamentos, as crian\u00e7as poder\u00e3o entender melhor a Temperan\u00e7a e continuar realizando as atividades da Jornada. <a href=\"https:\/\/blog.cancaonova.com\/paisecatequistas\/jornada-das-virtudes-temperanca\/\">Continue lendo <span class=\"meta-nav\">&rarr;<\/span><\/a><\/p>\n","protected":false},"author":4340,"featured_media":18634,"comment_status":"closed","ping_status":"closed","sticky":false,"template":"","format":"standard","meta":{"_mi_skip_tracking":false,"_monsterinsights_sitenote_active":false,"_monsterinsights_sitenote_note":"","_monsterinsights_sitenote_category":0,"footnotes":""},"categories":[200710],"tags":[],"_links":{"self":[{"href":"https:\/\/blog.cancaonova.com\/paisecatequistas\/wp-json\/wp\/v2\/posts\/18617"}],"collection":[{"href":"https:\/\/blog.cancaonova.com\/paisecatequistas\/wp-json\/wp\/v2\/posts"}],"about":[{"href":"https:\/\/blog.cancaonova.com\/paisecatequistas\/wp-json\/wp\/v2\/types\/post"}],"author":[{"embeddable":true,"href":"https:\/\/blog.cancaonova.com\/paisecatequistas\/wp-json\/wp\/v2\/users\/4340"}],"replies":[{"embeddable":true,"href":"https:\/\/blog.cancaonova.com\/paisecatequistas\/wp-json\/wp\/v2\/comments?post=18617"}],"version-history":[{"count":5,"href":"https:\/\/blog.cancaonova.com\/paisecatequistas\/wp-json\/wp\/v2\/posts\/18617\/revisions"}],"predecessor-version":[{"id":18633,"href":"https:\/\/blog.cancaonova.com\/paisecatequistas\/wp-json\/wp\/v2\/posts\/18617\/revisions\/18633"}],"wp:featuredmedia":[{"embeddable":true,"href":"https:\/\/blog.cancaonova.com\/paisecatequistas\/wp-json\/wp\/v2\/media\/18634"}],"wp:attachment":[{"href":"https:\/\/blog.cancaonova.com\/paisecatequistas\/wp-json\/wp\/v2\/media?parent=18617"}],"wp:term":[{"taxonomy":"category","embeddable":true,"href":"https:\/\/blog.cancaonova.com\/paisecatequistas\/wp-json\/wp\/v2\/categories?post=18617"},{"taxonomy":"post_tag","embeddable":true,"href":"https:\/\/blog.cancaonova.com\/paisecatequistas\/wp-json\/wp\/v2\/tags?post=18617"}],"curies":[{"name":"wp","href":"https:\/\/api.w.org\/{rel}","templated":true}]}}