{"id":18674,"date":"2025-03-18T11:54:16","date_gmt":"2025-03-18T13:54:16","guid":{"rendered":"https:\/\/blog.cancaonova.com\/paisecatequistas\/?p=18674"},"modified":"2025-10-16T16:52:56","modified_gmt":"2025-10-16T18:52:56","slug":"qualidades-de-sao-jose","status":"publish","type":"post","link":"https:\/\/blog.cancaonova.com\/paisecatequistas\/qualidades-de-sao-jose\/","title":{"rendered":"As qualidades de S\u00e3o Jos\u00e9"},"content":{"rendered":"<p>O que ser\u00e1 que est\u00e1 acontecendo na pra\u00e7a do Cantinho?<\/p>\n<p>As meninas est\u00e3o com bambol\u00eas&#8230; Ser\u00e1 uma apresenta\u00e7\u00e3o?<\/p>\n<p>Vamos conferir?!<\/p>\n<p><iframe loading=\"lazy\" title=\"Cantinho da Crian\u00c3\u00a7a | Qualidades de S\u00c3\u00a3o Jos\u00c3\u00a9\" width=\"600\" height=\"338\" src=\"https:\/\/www.youtube.com\/embed\/y_h4iFYoqQw?feature=oembed&amp;rel=0\" frameborder=\"0\" allow=\"accelerometer; autoplay; clipboard-write; encrypted-media; gyroscope; picture-in-picture; web-share\" referrerpolicy=\"strict-origin-when-cross-origin\" allowfullscreen><\/iframe><\/p>\n","protected":false},"excerpt":{"rendered":"<p>O que ser\u00e1 que esta acontecendo na pra\u00e7a do Cantinho?<\/p>\n<p>\u00a0As meninas est\u00e3o\u00a0 com bambol\u00eas&#8230; ser\u00e1 uma apresenta\u00e7\u00e3o?\u00a0 \u00a0 <a href=\"https:\/\/blog.cancaonova.com\/paisecatequistas\/qualidades-de-sao-jose\/\">Continue lendo <span class=\"meta-nav\">&rarr;<\/span><\/a><\/p>\n","protected":false},"author":4340,"featured_media":18675,"comment_status":"closed","ping_status":"closed","sticky":false,"template":"","format":"standard","meta":{"_mi_skip_tracking":false,"_monsterinsights_sitenote_active":false,"_monsterinsights_sitenote_note":"","_monsterinsights_sitenote_category":0,"footnotes":""},"categories":[200710],"tags":[],"_links":{"self":[{"href":"https:\/\/blog.cancaonova.com\/paisecatequistas\/wp-json\/wp\/v2\/posts\/18674"}],"collection":[{"href":"https:\/\/blog.cancaonova.com\/paisecatequistas\/wp-json\/wp\/v2\/posts"}],"about":[{"href":"https:\/\/blog.cancaonova.com\/paisecatequistas\/wp-json\/wp\/v2\/types\/post"}],"author":[{"embeddable":true,"href":"https:\/\/blog.cancaonova.com\/paisecatequistas\/wp-json\/wp\/v2\/users\/4340"}],"replies":[{"embeddable":true,"href":"https:\/\/blog.cancaonova.com\/paisecatequistas\/wp-json\/wp\/v2\/comments?post=18674"}],"version-history":[{"count":5,"href":"https:\/\/blog.cancaonova.com\/paisecatequistas\/wp-json\/wp\/v2\/posts\/18674\/revisions"}],"predecessor-version":[{"id":18695,"href":"https:\/\/blog.cancaonova.com\/paisecatequistas\/wp-json\/wp\/v2\/posts\/18674\/revisions\/18695"}],"wp:featuredmedia":[{"embeddable":true,"href":"https:\/\/blog.cancaonova.com\/paisecatequistas\/wp-json\/wp\/v2\/media\/18675"}],"wp:attachment":[{"href":"https:\/\/blog.cancaonova.com\/paisecatequistas\/wp-json\/wp\/v2\/media?parent=18674"}],"wp:term":[{"taxonomy":"category","embeddable":true,"href":"https:\/\/blog.cancaonova.com\/paisecatequistas\/wp-json\/wp\/v2\/categories?post=18674"},{"taxonomy":"post_tag","embeddable":true,"href":"https:\/\/blog.cancaonova.com\/paisecatequistas\/wp-json\/wp\/v2\/tags?post=18674"}],"curies":[{"name":"wp","href":"https:\/\/api.w.org\/{rel}","templated":true}]}}