{"id":18686,"date":"2025-03-26T08:46:42","date_gmt":"2025-03-26T10:46:42","guid":{"rendered":"https:\/\/blog.cancaonova.com\/paisecatequistas\/?p=18686"},"modified":"2025-08-26T11:40:02","modified_gmt":"2025-08-26T13:40:02","slug":"clipe-estudo-biblico-da-palavrinha-de-deus","status":"publish","type":"post","link":"https:\/\/blog.cancaonova.com\/paisecatequistas\/clipe-estudo-biblico-da-palavrinha-de-deus\/","title":{"rendered":"Clipe: Estudo B\u00edblico da Palavrinha de Deus"},"content":{"rendered":"<p>Vamos cantar e aprender como fazer o Estudo B\u00edblico com a Sarah e o Janj\u00e3o?<\/p>\n<p><iframe loading=\"lazy\" title=\"Estudo B\u00c3\u00adblico da Palavrinha de Deus I Sarah Sabar\u00c3\u00a1 e Janj\u00c3\u00a3o\" width=\"600\" height=\"338\" src=\"https:\/\/www.youtube.com\/embed\/dCUShLf_CJg?feature=oembed&amp;rel=0\" frameborder=\"0\" allow=\"accelerometer; autoplay; clipboard-write; encrypted-media; gyroscope; picture-in-picture; web-share\" referrerpolicy=\"strict-origin-when-cross-origin\" allowfullscreen><\/iframe><\/p>\n","protected":false},"excerpt":{"rendered":"<p>Clipe da Musica Estudo Biblico da Palavrinha de Deus com Sarah e Janj\u00e3o <a href=\"https:\/\/blog.cancaonova.com\/paisecatequistas\/clipe-estudo-biblico-da-palavrinha-de-deus\/\">Continue lendo <span class=\"meta-nav\">&rarr;<\/span><\/a><\/p>\n","protected":false},"author":4340,"featured_media":18691,"comment_status":"closed","ping_status":"closed","sticky":false,"template":"","format":"standard","meta":{"_mi_skip_tracking":false,"_monsterinsights_sitenote_active":false,"_monsterinsights_sitenote_note":"","_monsterinsights_sitenote_category":0,"footnotes":""},"categories":[200710],"tags":[5011,16595,711,18306,201095],"_links":{"self":[{"href":"https:\/\/blog.cancaonova.com\/paisecatequistas\/wp-json\/wp\/v2\/posts\/18686"}],"collection":[{"href":"https:\/\/blog.cancaonova.com\/paisecatequistas\/wp-json\/wp\/v2\/posts"}],"about":[{"href":"https:\/\/blog.cancaonova.com\/paisecatequistas\/wp-json\/wp\/v2\/types\/post"}],"author":[{"embeddable":true,"href":"https:\/\/blog.cancaonova.com\/paisecatequistas\/wp-json\/wp\/v2\/users\/4340"}],"replies":[{"embeddable":true,"href":"https:\/\/blog.cancaonova.com\/paisecatequistas\/wp-json\/wp\/v2\/comments?post=18686"}],"version-history":[{"count":2,"href":"https:\/\/blog.cancaonova.com\/paisecatequistas\/wp-json\/wp\/v2\/posts\/18686\/revisions"}],"predecessor-version":[{"id":19464,"href":"https:\/\/blog.cancaonova.com\/paisecatequistas\/wp-json\/wp\/v2\/posts\/18686\/revisions\/19464"}],"wp:featuredmedia":[{"embeddable":true,"href":"https:\/\/blog.cancaonova.com\/paisecatequistas\/wp-json\/wp\/v2\/media\/18691"}],"wp:attachment":[{"href":"https:\/\/blog.cancaonova.com\/paisecatequistas\/wp-json\/wp\/v2\/media?parent=18686"}],"wp:term":[{"taxonomy":"category","embeddable":true,"href":"https:\/\/blog.cancaonova.com\/paisecatequistas\/wp-json\/wp\/v2\/categories?post=18686"},{"taxonomy":"post_tag","embeddable":true,"href":"https:\/\/blog.cancaonova.com\/paisecatequistas\/wp-json\/wp\/v2\/tags?post=18686"}],"curies":[{"name":"wp","href":"https:\/\/api.w.org\/{rel}","templated":true}]}}