{"id":18696,"date":"2025-03-31T10:01:43","date_gmt":"2025-03-31T12:01:43","guid":{"rendered":"https:\/\/blog.cancaonova.com\/paisecatequistas\/?p=18696"},"modified":"2025-03-31T10:40:35","modified_gmt":"2025-03-31T12:40:35","slug":"virtude-da-fortaleza-nos-vamos-conquistar","status":"publish","type":"post","link":"https:\/\/blog.cancaonova.com\/paisecatequistas\/virtude-da-fortaleza-nos-vamos-conquistar\/","title":{"rendered":"A Virtude da Fortaleza n\u00f3s vamos conquistar!"},"content":{"rendered":"<ul id=\"share-buttons\"><\/ul>\n<p>Em abril, os s\u00f3cios kids ter\u00e3o a oportunidade de continuar a Jornada da Virtude, explorando agora a virtude da Fortaleza. Atrav\u00e9s de novas hist\u00f3rias, atividades e ensinamentos, as crian\u00e7as poder\u00e3o treinar para cultivar essa virtude e avan\u00e7ar na jornada. E, claro, tamb\u00e9m ter\u00e3o a chance de aprender mais sobre a Igreja e a nossa f\u00e9!<\/p>\n<p><iframe loading=\"lazy\" title=\"Revista Can\u00c3\u00a7\u00c3\u00a3o Nova Kids I Abril 2025\" width=\"600\" height=\"338\" src=\"https:\/\/www.youtube.com\/embed\/5xEcPlhLiJE?feature=oembed&amp;rel=0\" frameborder=\"0\" allow=\"accelerometer; autoplay; clipboard-write; encrypted-media; gyroscope; picture-in-picture; web-share\" referrerpolicy=\"strict-origin-when-cross-origin\" allowfullscreen><\/iframe><\/p>\n<p>Conhe\u00e7a um pouco da nossa <a href=\"https:\/\/img.cancaonova.com\/cnimages\/canais\/uploads\/sites\/12\/2025\/03\/Revista-Cn-Kids-Abril-2025_Site.pdf\">Revista Can\u00e7\u00e3o Nova Kids\u00a0<\/a><\/p>\n","protected":false},"excerpt":{"rendered":"<p>Em abril, os s\u00f3cios kids ter\u00e3o a oportunidade de continuar a Jornada da Virtude, explorando agora a virtude da Fortaleza. Atrav\u00e9s de novas hist\u00f3rias, atividades e ensinamentos, as crian\u00e7as poder\u00e3o treinar para cultivar essa virtude e avan\u00e7ar na jornada. E, claro, tamb\u00e9m ter\u00e3o a chance de aprender mais sobre a Igreja e a nossa f\u00e9! <a href=\"https:\/\/blog.cancaonova.com\/paisecatequistas\/virtude-da-fortaleza-nos-vamos-conquistar\/\">Continue lendo <span class=\"meta-nav\">&rarr;<\/span><\/a><\/p>\n","protected":false},"author":4340,"featured_media":18697,"comment_status":"closed","ping_status":"closed","sticky":false,"template":"","format":"standard","meta":{"_mi_skip_tracking":false,"_monsterinsights_sitenote_active":false,"_monsterinsights_sitenote_note":"","_monsterinsights_sitenote_category":0,"footnotes":""},"categories":[200710],"tags":[12001,16619,16348,18235,15901,289752],"_links":{"self":[{"href":"https:\/\/blog.cancaonova.com\/paisecatequistas\/wp-json\/wp\/v2\/posts\/18696"}],"collection":[{"href":"https:\/\/blog.cancaonova.com\/paisecatequistas\/wp-json\/wp\/v2\/posts"}],"about":[{"href":"https:\/\/blog.cancaonova.com\/paisecatequistas\/wp-json\/wp\/v2\/types\/post"}],"author":[{"embeddable":true,"href":"https:\/\/blog.cancaonova.com\/paisecatequistas\/wp-json\/wp\/v2\/users\/4340"}],"replies":[{"embeddable":true,"href":"https:\/\/blog.cancaonova.com\/paisecatequistas\/wp-json\/wp\/v2\/comments?post=18696"}],"version-history":[{"count":2,"href":"https:\/\/blog.cancaonova.com\/paisecatequistas\/wp-json\/wp\/v2\/posts\/18696\/revisions"}],"predecessor-version":[{"id":18699,"href":"https:\/\/blog.cancaonova.com\/paisecatequistas\/wp-json\/wp\/v2\/posts\/18696\/revisions\/18699"}],"wp:featuredmedia":[{"embeddable":true,"href":"https:\/\/blog.cancaonova.com\/paisecatequistas\/wp-json\/wp\/v2\/media\/18697"}],"wp:attachment":[{"href":"https:\/\/blog.cancaonova.com\/paisecatequistas\/wp-json\/wp\/v2\/media?parent=18696"}],"wp:term":[{"taxonomy":"category","embeddable":true,"href":"https:\/\/blog.cancaonova.com\/paisecatequistas\/wp-json\/wp\/v2\/categories?post=18696"},{"taxonomy":"post_tag","embeddable":true,"href":"https:\/\/blog.cancaonova.com\/paisecatequistas\/wp-json\/wp\/v2\/tags?post=18696"}],"curies":[{"name":"wp","href":"https:\/\/api.w.org\/{rel}","templated":true}]}}