{"id":18701,"date":"2025-03-31T11:31:52","date_gmt":"2025-03-31T13:31:52","guid":{"rendered":"https:\/\/blog.cancaonova.com\/paisecatequistas\/?p=18701"},"modified":"2025-03-31T11:54:03","modified_gmt":"2025-03-31T13:54:03","slug":"eu-cuido-meu-irmao","status":"publish","type":"post","link":"https:\/\/blog.cancaonova.com\/paisecatequistas\/eu-cuido-meu-irmao\/","title":{"rendered":"Eu cuido do meu irm\u00e3o"},"content":{"rendered":"<p>Quem nunca teve que abrir m\u00e3o de algo que queria muito para cumprir uma obriga\u00e7\u00e3o importante? \u00c0s vezes, \u00e9 um verdadeiro desafio! E \u00e9 justamente isso que L\u00edvia est\u00e1 enfrentando agora, enquanto o Pirata Distra\u00e7\u00e3o tenta desviar sua aten\u00e7\u00e3o. Ser\u00e1 que ela vai conseguir manter o foco? Vamos descobrir o que acontece no final!<\/p>\n<p><iframe loading=\"lazy\" title=\"Cantinho da Crian\u00c3\u00a7a | Eu Cuido do Meu Irm\u00c3\u00a3o\" width=\"600\" height=\"338\" src=\"https:\/\/www.youtube.com\/embed\/pw5ChpbsEVU?feature=oembed&amp;rel=0\" frameborder=\"0\" allow=\"accelerometer; autoplay; clipboard-write; encrypted-media; gyroscope; picture-in-picture; web-share\" referrerpolicy=\"strict-origin-when-cross-origin\" allowfullscreen><\/iframe><\/p>\n","protected":false},"excerpt":{"rendered":"<p>Quem nunca precisou deixar de fazer algo que queria muito para fazer algo que era de fato necess\u00e1rio? Nem sempre \u00e9 f\u00e1cil e \u00e9 sobre isso que L\u00edvia esta vivendo e o Pirata Distra\u00e7\u00e3o vai tentar distrai-la. Vamos ver qual ser\u00e1 o final? <a href=\"https:\/\/blog.cancaonova.com\/paisecatequistas\/eu-cuido-meu-irmao\/\">Continue lendo <span class=\"meta-nav\">&rarr;<\/span><\/a><\/p>\n","protected":false},"author":4340,"featured_media":18703,"comment_status":"closed","ping_status":"closed","sticky":false,"template":"","format":"standard","meta":{"_mi_skip_tracking":false,"_monsterinsights_sitenote_active":false,"_monsterinsights_sitenote_note":"","_monsterinsights_sitenote_category":0,"footnotes":""},"categories":[200710],"tags":[16619,8001,189943,30684,133290],"_links":{"self":[{"href":"https:\/\/blog.cancaonova.com\/paisecatequistas\/wp-json\/wp\/v2\/posts\/18701"}],"collection":[{"href":"https:\/\/blog.cancaonova.com\/paisecatequistas\/wp-json\/wp\/v2\/posts"}],"about":[{"href":"https:\/\/blog.cancaonova.com\/paisecatequistas\/wp-json\/wp\/v2\/types\/post"}],"author":[{"embeddable":true,"href":"https:\/\/blog.cancaonova.com\/paisecatequistas\/wp-json\/wp\/v2\/users\/4340"}],"replies":[{"embeddable":true,"href":"https:\/\/blog.cancaonova.com\/paisecatequistas\/wp-json\/wp\/v2\/comments?post=18701"}],"version-history":[{"count":2,"href":"https:\/\/blog.cancaonova.com\/paisecatequistas\/wp-json\/wp\/v2\/posts\/18701\/revisions"}],"predecessor-version":[{"id":18704,"href":"https:\/\/blog.cancaonova.com\/paisecatequistas\/wp-json\/wp\/v2\/posts\/18701\/revisions\/18704"}],"wp:featuredmedia":[{"embeddable":true,"href":"https:\/\/blog.cancaonova.com\/paisecatequistas\/wp-json\/wp\/v2\/media\/18703"}],"wp:attachment":[{"href":"https:\/\/blog.cancaonova.com\/paisecatequistas\/wp-json\/wp\/v2\/media?parent=18701"}],"wp:term":[{"taxonomy":"category","embeddable":true,"href":"https:\/\/blog.cancaonova.com\/paisecatequistas\/wp-json\/wp\/v2\/categories?post=18701"},{"taxonomy":"post_tag","embeddable":true,"href":"https:\/\/blog.cancaonova.com\/paisecatequistas\/wp-json\/wp\/v2\/tags?post=18701"}],"curies":[{"name":"wp","href":"https:\/\/api.w.org\/{rel}","templated":true}]}}