{"id":18759,"date":"2025-04-14T14:14:19","date_gmt":"2025-04-14T16:14:19","guid":{"rendered":"https:\/\/blog.cancaonova.com\/paisecatequistas\/?p=18759"},"modified":"2025-04-14T14:14:19","modified_gmt":"2025-04-14T16:14:19","slug":"os-pastorinhos-de-fatima","status":"publish","type":"post","link":"https:\/\/blog.cancaonova.com\/paisecatequistas\/os-pastorinhos-de-fatima\/","title":{"rendered":"Os Pastorinhos de F\u00e1tima"},"content":{"rendered":"<p class=\"\" data-start=\"188\" data-end=\"413\"><strong data-start=\"287\" data-end=\"334\">&#8220;Os Pastorinhos de F\u00e1tima e a Bela Senhora&#8221;<\/strong>, uma linda hist\u00f3ria em <strong data-start=\"358\" data-end=\"374\">10 epis\u00f3dios<\/strong>, feita especialmente para as crian\u00e7as.<\/p>\n<p class=\"\" data-start=\"415\" data-end=\"702\">A s\u00e9rie conta a hist\u00f3ria verdadeira de <strong data-start=\"454\" data-end=\"484\">L\u00facia, Francisco e Jacinta<\/strong>, tr\u00eas crian\u00e7as que cuidavam de ovelhas na aldeia de F\u00e1tima, em Portugal. Um dia, enquanto estavam no campo, eles viram uma Senhora muito bonita, vestida de branco e cheia de luz. Era <strong data-start=\"668\" data-end=\"685\">Nossa Senhora<\/strong>, a M\u00e3e de Jesus!<\/p>\n<p class=\"\" data-start=\"704\" data-end=\"873\">Nossa Senhora apareceu para eles v\u00e1rias vezes, ensinando coisas importantes, como:<br data-start=\"786\" data-end=\"789\" \/>\ud83d\ude4f rezar todos os dias,<br data-start=\"812\" data-end=\"815\" \/>\ud83d\udc96 amar a Deus e ao pr\u00f3ximo,<br data-start=\"843\" data-end=\"846\" \/>\ud83d\udd4a\ufe0f pedir paz para o mundo.<\/p>\n<p class=\"\" data-start=\"875\" data-end=\"1053\">Em cada epis\u00f3dio, voc\u00ea vai conhecer um pedacinho dessa hist\u00f3ria cheia de f\u00e9, coragem e esperan\u00e7a. Vai ver como os pastorinhos foram fortes, mesmo quando ningu\u00e9m acreditava neles.<\/p>\n<p class=\"\" data-start=\"1055\" data-end=\"1209\">Com desenhos coloridos, m\u00fasicas lindas e mensagens que tocam o cora\u00e7\u00e3o, essa s\u00e9rie vai ajudar as crian\u00e7as a ficarem mais perto de Deus e de Nossa Senhora.<\/p>\n<p class=\"\" data-start=\"1211\" data-end=\"1398\"><strong data-start=\"1211\" data-end=\"1258\">Os Pastorinhos de F\u00e1tima<\/strong>\u00a0\u00e9 perfeita para ver com a fam\u00edlia, na catequese ou na escola. Vamos juntos aprender com L\u00facia, Francisco e Jacinta a dizer \u201csim\u201d para Deus!<\/p>\n<p><iframe loading=\"lazy\" title=\"Desenho Animado - Os Pastorinhos de F\u00c3\u00a1tima - Ep. 01\" width=\"600\" height=\"338\" src=\"https:\/\/www.youtube.com\/embed\/kF_PQYZqpug?list=PLNlRgLhNKHicN1YUBC43lo3scvJumzbhV&amp;rel=0\" frameborder=\"0\" allow=\"accelerometer; autoplay; clipboard-write; encrypted-media; gyroscope; picture-in-picture; web-share\" referrerpolicy=\"strict-origin-when-cross-origin\" allowfullscreen><\/iframe><\/p>\n<p>&nbsp;<\/p>\n","protected":false},"excerpt":{"rendered":"<p>&#8220;Os Pastorinhos de F\u00e1tima e a Bela Senhora&#8221;, uma linda hist\u00f3ria em 10 epis\u00f3dios, feita especialmente para as crian\u00e7as. <a href=\"https:\/\/blog.cancaonova.com\/paisecatequistas\/os-pastorinhos-de-fatima\/\">Continue lendo <span class=\"meta-nav\">&rarr;<\/span><\/a><\/p>\n","protected":false},"author":4340,"featured_media":18760,"comment_status":"closed","ping_status":"closed","sticky":false,"template":"","format":"standard","meta":{"_mi_skip_tracking":false,"_monsterinsights_sitenote_active":false,"_monsterinsights_sitenote_note":"","_monsterinsights_sitenote_category":0,"footnotes":""},"categories":[200710],"tags":[40,16466,16686,18681,18698,17274,5051],"_links":{"self":[{"href":"https:\/\/blog.cancaonova.com\/paisecatequistas\/wp-json\/wp\/v2\/posts\/18759"}],"collection":[{"href":"https:\/\/blog.cancaonova.com\/paisecatequistas\/wp-json\/wp\/v2\/posts"}],"about":[{"href":"https:\/\/blog.cancaonova.com\/paisecatequistas\/wp-json\/wp\/v2\/types\/post"}],"author":[{"embeddable":true,"href":"https:\/\/blog.cancaonova.com\/paisecatequistas\/wp-json\/wp\/v2\/users\/4340"}],"replies":[{"embeddable":true,"href":"https:\/\/blog.cancaonova.com\/paisecatequistas\/wp-json\/wp\/v2\/comments?post=18759"}],"version-history":[{"count":2,"href":"https:\/\/blog.cancaonova.com\/paisecatequistas\/wp-json\/wp\/v2\/posts\/18759\/revisions"}],"predecessor-version":[{"id":18762,"href":"https:\/\/blog.cancaonova.com\/paisecatequistas\/wp-json\/wp\/v2\/posts\/18759\/revisions\/18762"}],"wp:featuredmedia":[{"embeddable":true,"href":"https:\/\/blog.cancaonova.com\/paisecatequistas\/wp-json\/wp\/v2\/media\/18760"}],"wp:attachment":[{"href":"https:\/\/blog.cancaonova.com\/paisecatequistas\/wp-json\/wp\/v2\/media?parent=18759"}],"wp:term":[{"taxonomy":"category","embeddable":true,"href":"https:\/\/blog.cancaonova.com\/paisecatequistas\/wp-json\/wp\/v2\/categories?post=18759"},{"taxonomy":"post_tag","embeddable":true,"href":"https:\/\/blog.cancaonova.com\/paisecatequistas\/wp-json\/wp\/v2\/tags?post=18759"}],"curies":[{"name":"wp","href":"https:\/\/api.w.org\/{rel}","templated":true}]}}