{"id":18769,"date":"2025-04-21T10:00:29","date_gmt":"2025-04-21T12:00:29","guid":{"rendered":"https:\/\/blog.cancaonova.com\/paisecatequistas\/?p=18769"},"modified":"2026-03-31T15:07:55","modified_gmt":"2026-03-31T17:07:55","slug":"padre-jonas-eu-nao-canso-de-cantar","status":"publish","type":"post","link":"https:\/\/blog.cancaonova.com\/paisecatequistas\/padre-jonas-eu-nao-canso-de-cantar\/","title":{"rendered":"Clipe - Eu n\u00e3o me canso de cantar"},"content":{"rendered":"<p>A vida \u00e9 caminhar!<\/p>\n<p>Assim viveu e nos ensinou o Padre Jonas, tal como ele aprendeu com Jesus: cantar uma Can\u00e7\u00e3o Nova! Mas n\u00e3o cantar sozinho \u2014 com ele, todos: homens, mulheres, crian\u00e7as e idosos s\u00e3o convidados a cantar e dizer, como ele, em todos os momentos: &#8220;Eu n\u00e3o me canso de cantar!&#8221;<\/p>\n<p><iframe loading=\"lazy\" title=\"Eu N\u00c3\u00a3o Me Canso de Cantar  I  Pe. Jonas Abib\" width=\"600\" height=\"338\" src=\"https:\/\/www.youtube.com\/embed\/L7Ts_mqL8Fk?feature=oembed&amp;rel=0\" frameborder=\"0\" allow=\"accelerometer; autoplay; clipboard-write; encrypted-media; gyroscope; picture-in-picture; web-share\" referrerpolicy=\"strict-origin-when-cross-origin\" allowfullscreen><\/iframe><\/p>\n","protected":false},"excerpt":{"rendered":"<p>Assim viveu e nos ensinou o Padre Jonas, tal como ele aprendeu com Jesus: cantar uma Can\u00e7\u00e3o Nova! Mas n\u00e3o cantar sozinho \u2014 com ele, todos: homens, mulheres, crian\u00e7as e idosos s\u00e3o convidados a cantar e dizer, como ele, em todos os momentos: &#8220;Eu n\u00e3o me canso de cantar!&#8221; <a href=\"https:\/\/blog.cancaonova.com\/paisecatequistas\/padre-jonas-eu-nao-canso-de-cantar\/\">Continue lendo <span class=\"meta-nav\">&rarr;<\/span><\/a><\/p>\n","protected":false},"author":4340,"featured_media":20291,"comment_status":"closed","ping_status":"closed","sticky":false,"template":"","format":"standard","meta":{"_mi_skip_tracking":false,"_monsterinsights_sitenote_active":false,"_monsterinsights_sitenote_note":"","_monsterinsights_sitenote_category":0,"footnotes":""},"categories":[200710],"tags":[17318,15792,20466,289755,221,15716,17057,8181],"_links":{"self":[{"href":"https:\/\/blog.cancaonova.com\/paisecatequistas\/wp-json\/wp\/v2\/posts\/18769"}],"collection":[{"href":"https:\/\/blog.cancaonova.com\/paisecatequistas\/wp-json\/wp\/v2\/posts"}],"about":[{"href":"https:\/\/blog.cancaonova.com\/paisecatequistas\/wp-json\/wp\/v2\/types\/post"}],"author":[{"embeddable":true,"href":"https:\/\/blog.cancaonova.com\/paisecatequistas\/wp-json\/wp\/v2\/users\/4340"}],"replies":[{"embeddable":true,"href":"https:\/\/blog.cancaonova.com\/paisecatequistas\/wp-json\/wp\/v2\/comments?post=18769"}],"version-history":[{"count":13,"href":"https:\/\/blog.cancaonova.com\/paisecatequistas\/wp-json\/wp\/v2\/posts\/18769\/revisions"}],"predecessor-version":[{"id":18780,"href":"https:\/\/blog.cancaonova.com\/paisecatequistas\/wp-json\/wp\/v2\/posts\/18769\/revisions\/18780"}],"wp:featuredmedia":[{"embeddable":true,"href":"https:\/\/blog.cancaonova.com\/paisecatequistas\/wp-json\/wp\/v2\/media\/20291"}],"wp:attachment":[{"href":"https:\/\/blog.cancaonova.com\/paisecatequistas\/wp-json\/wp\/v2\/media?parent=18769"}],"wp:term":[{"taxonomy":"category","embeddable":true,"href":"https:\/\/blog.cancaonova.com\/paisecatequistas\/wp-json\/wp\/v2\/categories?post=18769"},{"taxonomy":"post_tag","embeddable":true,"href":"https:\/\/blog.cancaonova.com\/paisecatequistas\/wp-json\/wp\/v2\/tags?post=18769"}],"curies":[{"name":"wp","href":"https:\/\/api.w.org\/{rel}","templated":true}]}}