{"id":18799,"date":"2025-04-25T11:27:08","date_gmt":"2025-04-25T13:27:08","guid":{"rendered":"https:\/\/blog.cancaonova.com\/paisecatequistas\/?p=18799"},"modified":"2026-04-07T13:06:50","modified_gmt":"2026-04-07T15:06:50","slug":"18799","status":"publish","type":"post","link":"https:\/\/blog.cancaonova.com\/paisecatequistas\/18799\/","title":{"rendered":"30 dias com Maria: Por que se consagrar a Virgem Maria?"},"content":{"rendered":"<p class=\"\" data-start=\"84\" data-end=\"273\">Sejam muito bem-vindos ao <strong data-start=\"110\" data-end=\"175\">2\u00ba dia da nossa prepara\u00e7\u00e3o para a Consagra\u00e7\u00e3o a Nossa Senhora<\/strong>, especialmente dedicada \u00e0s crian\u00e7as, segundo o m\u00e9todo de <strong data-start=\"233\" data-end=\"272\">S\u00e3o Lu\u00eds Maria Grignion de Montfort<\/strong>.<\/p>\n<p class=\"\" data-start=\"275\" data-end=\"534\">Voc\u00ea sabe por que vale a pena fazer essa consagra\u00e7\u00e3o?<br data-start=\"328\" data-end=\"331\" \/>No livro <em data-start=\"340\" data-end=\"405\">Tratado da Verdadeira Devo\u00e7\u00e3o a Sant\u00edssima Virgem para Crian\u00e7as<\/em>, s\u00e3o apresentados <strong data-start=\"424\" data-end=\"459\">8 motivos<\/strong> que nos ajudam a compreender a import\u00e2ncia dessa entrega total a Maria.<\/p>\n<p><strong>Quer descobrir esses motivos e aprofundar ainda mais essa caminhada?\u00a0<\/strong><\/p>\n<p><iframe loading=\"lazy\" title=\"2\u00c2\u00ba dia I Prepara\u00c3\u00a7\u00c3\u00a3o para a Consagra\u00c3\u00a7\u00c3\u00a3o \u00c3\u00a0 Sant\u00c3\u00adssima Virgem para Crian\u00c3\u00a7as\" width=\"600\" height=\"338\" src=\"https:\/\/www.youtube.com\/embed\/MK2pp25p2Q0?list=PLNlRgLhNKHiejkHkEEXgJVwNJjPKHWqET&amp;rel=0\" frameborder=\"0\" allow=\"accelerometer; autoplay; clipboard-write; encrypted-media; gyroscope; picture-in-picture; web-share\" referrerpolicy=\"strict-origin-when-cross-origin\" allowfullscreen><\/iframe><\/p>\n<p><a href=\"https:\/\/img.cancaonova.com\/cnimages\/especiais\/uploads\/sites\/10\/2025\/04\/ORACOES-12-DIAS-PREPARATORIOS.pdf\"><span style=\"color: #ff6600\"><strong>Ora\u00e7\u00f5es Di\u00e1rias Para os 12 Dias Preparat\u00f3rios Para o Desapego do Mundo &#8211; PDF<\/strong><\/span><\/a><\/p>\n<p><strong>Voc\u00ea pode adquirir o livro acessando<a href=\"https:\/\/loja.cancaonova.com\/livro-tratado-da-verdadeira-devocao-a-santissima-virgem-infantil\"> loja.can\u00e7\u00e3onova.com<\/a>\u00a0<\/strong><\/p>\n<p><a href=\"https:\/\/loja.cancaonova.com\/livro-tratado-da-verdadeira-devocao-a-santissima-virgem-infantil\"><img decoding=\"async\" src=\"http:\/\/blog.cancaonova.com\/paisecatequistas\/files\/2025\/04\/Captura-de-tela-2025-04-23-151113.jpg\" \/><\/a><\/p>\n","protected":false},"excerpt":{"rendered":"<p>Sejam muito bem-vindos ao 2\u00ba dia da nossa prepara\u00e7\u00e3o para a Consagra\u00e7\u00e3o a Nossa Senhora, especialmente dedicada \u00e0s crian\u00e7as, segundo o m\u00e9todo de S\u00e3o Lu\u00eds Maria Grignion de Montfort. <a href=\"https:\/\/blog.cancaonova.com\/paisecatequistas\/18799\/\">Continue lendo <span class=\"meta-nav\">&rarr;<\/span><\/a><\/p>\n","protected":false},"author":4340,"featured_media":18831,"comment_status":"closed","ping_status":"closed","sticky":false,"template":"","format":"standard","meta":{"_mi_skip_tracking":false,"_monsterinsights_sitenote_active":false,"_monsterinsights_sitenote_note":"","_monsterinsights_sitenote_category":0,"footnotes":""},"categories":[200710],"tags":[5011,52778,15736,15792,18235,289759,289756,15641],"_links":{"self":[{"href":"https:\/\/blog.cancaonova.com\/paisecatequistas\/wp-json\/wp\/v2\/posts\/18799"}],"collection":[{"href":"https:\/\/blog.cancaonova.com\/paisecatequistas\/wp-json\/wp\/v2\/posts"}],"about":[{"href":"https:\/\/blog.cancaonova.com\/paisecatequistas\/wp-json\/wp\/v2\/types\/post"}],"author":[{"embeddable":true,"href":"https:\/\/blog.cancaonova.com\/paisecatequistas\/wp-json\/wp\/v2\/users\/4340"}],"replies":[{"embeddable":true,"href":"https:\/\/blog.cancaonova.com\/paisecatequistas\/wp-json\/wp\/v2\/comments?post=18799"}],"version-history":[{"count":11,"href":"https:\/\/blog.cancaonova.com\/paisecatequistas\/wp-json\/wp\/v2\/posts\/18799\/revisions"}],"predecessor-version":[{"id":20324,"href":"https:\/\/blog.cancaonova.com\/paisecatequistas\/wp-json\/wp\/v2\/posts\/18799\/revisions\/20324"}],"wp:featuredmedia":[{"embeddable":true,"href":"https:\/\/blog.cancaonova.com\/paisecatequistas\/wp-json\/wp\/v2\/media\/18831"}],"wp:attachment":[{"href":"https:\/\/blog.cancaonova.com\/paisecatequistas\/wp-json\/wp\/v2\/media?parent=18799"}],"wp:term":[{"taxonomy":"category","embeddable":true,"href":"https:\/\/blog.cancaonova.com\/paisecatequistas\/wp-json\/wp\/v2\/categories?post=18799"},{"taxonomy":"post_tag","embeddable":true,"href":"https:\/\/blog.cancaonova.com\/paisecatequistas\/wp-json\/wp\/v2\/tags?post=18799"}],"curies":[{"name":"wp","href":"https:\/\/api.w.org\/{rel}","templated":true}]}}