{"id":18810,"date":"2025-04-25T12:20:45","date_gmt":"2025-04-25T14:20:45","guid":{"rendered":"https:\/\/blog.cancaonova.com\/paisecatequistas\/?p=18810"},"modified":"2025-04-25T15:01:58","modified_gmt":"2025-04-25T17:01:58","slug":"30-dias-com-maria-jesus-por-maria","status":"publish","type":"post","link":"https:\/\/blog.cancaonova.com\/paisecatequistas\/30-dias-com-maria-jesus-por-maria\/","title":{"rendered":"30 dias com Maria: A Jesus por Maria"},"content":{"rendered":"<p>Que bom estarmos juntos nesse 3\u00ba dia em Prepara\u00e7\u00e3o para a Consagra\u00e7\u00e3o a Virgem Maria.<\/p>\n<p>Hoje, vamos meditar sobre as <strong>Pr\u00e1ticas Interiores <\/strong>e <strong>Exteriores<\/strong> dentro dessa devo\u00e7\u00e3o.<br \/>\nTrata-se de fazer todas as nossas atividades do dia a dia <strong>POR<\/strong> Maria, <strong>COM<\/strong> Maria, <strong>EM<\/strong> Maria e<strong> PARA<\/strong> Maria, a fim de<br \/>\nfazer tudo <strong>POR<\/strong> Jesus, <strong>COM<\/strong> Jesus, <strong>EM<\/strong> Jesus e <strong>PARA<\/strong> Jesus.<\/p>\n<p>Preparados para o v\u00eddeo de hoje?<\/p>\n<p><iframe loading=\"lazy\" title=\"3\u00c2\u00ba dia I Prepara\u00c3\u00a7\u00c3\u00a3o para a Consagra\u00c3\u00a7\u00c3\u00a3o \u00c3\u00a0 Sant\u00c3\u00adssima Virgem para Crian\u00c3\u00a7as\" width=\"600\" height=\"338\" src=\"https:\/\/www.youtube.com\/embed\/-Bsk-La3AVw?feature=oembed&amp;rel=0\" frameborder=\"0\" allow=\"accelerometer; autoplay; clipboard-write; encrypted-media; gyroscope; picture-in-picture; web-share\" referrerpolicy=\"strict-origin-when-cross-origin\" allowfullscreen><\/iframe><\/p>\n<p><strong>I. POR Maria<\/strong><br \/>\nEm tudo, obedecer a Maria, deixar o Esp\u00edrito Santo que habita em Maria e em n\u00f3s conduzir-nos. Renunciar a nossas ideias e vontades, principalmente antes de rezar, antes da missa, antes de comungar. Entregar-nos em Suas m\u00e3os para fazermos tudo POR JESUS.<\/p>\n<p><strong>II. COM Maria<\/strong><br \/>\nMaria \u00e9 o maior modelo de virtudes que o Esp\u00edrito Santo fez em uma alma, para ser como Jesus. Ent\u00e3o, em tudo devemos pensar \u201cComo Maria fazia isso?\u201d Assim, com Maria no cora\u00e7\u00e3o, estaremos COM Jesus durante todo o nosso dia.<\/p>\n<p><strong>III. EM Maria<\/strong><br \/>\nNossa Senhora \u00e9 o Jardim Perfeito, \u00e9 o novo Para\u00edso onde o ar \u00e9 puro, \u00e9 sempre dia, o Sol n\u00e3o tem sombras e seu rio se chama<br \/>\nhumildade. Esse rio se estende em quatro dire\u00e7\u00f5es, e em cada ponta se encontra uma virtude cardeal: justi\u00e7a, fortaleza, temperan\u00e7a e prud\u00eancia. Quem vive em Maria vive EM Jesus, e assim se torna parte do Jardim Perfeito.<\/p>\n<p><strong>IV. PARA Maria<\/strong><br \/>\nQuem se torna escravo de Jesus em Maria deve fazer tudo para Ela, porque assim estar\u00e1 fazendo PARA Jesus. O foco SEMPRE \u00e9 Jesus. Maria \u00e9 a ponte. E que ponte bela! \u00c9 uma honra servir a essa Rainha, pois Ela nos levar\u00e1 a ficar unidos ao Rei Jesus para sempre!<\/p>\n<p>Gl\u00f3ria a Jesus em Maria!<br \/>\nGl\u00f3ria a Maria em Jesus!<br \/>\nGl\u00f3ria a Deus somente!<\/p>\n<p><a href=\"https:\/\/img.cancaonova.com\/cnimages\/especiais\/uploads\/sites\/10\/2025\/04\/ORACOES-12-DIAS-PREPARATORIOS.pdf\"><span style=\"color: #ff6600\"><strong>Ora\u00e7\u00f5es di\u00e1rias para os 12 dias preparat\u00f3rios para o desapego do mundo &#8211; PDF<\/strong><\/span><\/a><\/p>\n<p><strong>Voc\u00ea pode adquirir o livro acessando<a href=\"https:\/\/loja.cancaonova.com\/livro-tratado-da-verdadeira-devocao-a-santissima-virgem-infantil\"> loja.can\u00e7\u00e3onova.com<\/a>\u00a0<\/strong><\/p>\n<p><a href=\"https:\/\/loja.cancaonova.com\/livro-tratado-da-verdadeira-devocao-a-santissima-virgem-infantil\"><img decoding=\"async\" src=\"http:\/\/blog.cancaonova.com\/paisecatequistas\/files\/2025\/04\/Captura-de-tela-2025-04-23-151113.jpg\" \/><\/a><\/p>\n","protected":false},"excerpt":{"rendered":"<p>Hoje vamos meditar sobre as Pr\u00e1ticas Interiores e Exteriores dentro desta devo\u00e7\u00e3o.<br \/>\nAqui se trata de fazer todas as nossas atividades do dia a dia\u00a0 POR Maria, COM Maria, EM Maria e PARA Maria, a fim de<br \/>\nfazer tudo POR Jesus, COM Jesus, EM Jesus e PARA Jesus. <a href=\"https:\/\/blog.cancaonova.com\/paisecatequistas\/30-dias-com-maria-jesus-por-maria\/\">Continue lendo <span class=\"meta-nav\">&rarr;<\/span><\/a><\/p>\n","protected":false},"author":4340,"featured_media":18834,"comment_status":"closed","ping_status":"closed","sticky":false,"template":"","format":"standard","meta":{"_mi_skip_tracking":false,"_monsterinsights_sitenote_active":false,"_monsterinsights_sitenote_note":"","_monsterinsights_sitenote_category":0,"footnotes":""},"categories":[200710],"tags":[289761,18310,16595,15736,289758,201095,289760,15641],"_links":{"self":[{"href":"https:\/\/blog.cancaonova.com\/paisecatequistas\/wp-json\/wp\/v2\/posts\/18810"}],"collection":[{"href":"https:\/\/blog.cancaonova.com\/paisecatequistas\/wp-json\/wp\/v2\/posts"}],"about":[{"href":"https:\/\/blog.cancaonova.com\/paisecatequistas\/wp-json\/wp\/v2\/types\/post"}],"author":[{"embeddable":true,"href":"https:\/\/blog.cancaonova.com\/paisecatequistas\/wp-json\/wp\/v2\/users\/4340"}],"replies":[{"embeddable":true,"href":"https:\/\/blog.cancaonova.com\/paisecatequistas\/wp-json\/wp\/v2\/comments?post=18810"}],"version-history":[{"count":4,"href":"https:\/\/blog.cancaonova.com\/paisecatequistas\/wp-json\/wp\/v2\/posts\/18810\/revisions"}],"predecessor-version":[{"id":18835,"href":"https:\/\/blog.cancaonova.com\/paisecatequistas\/wp-json\/wp\/v2\/posts\/18810\/revisions\/18835"}],"wp:featuredmedia":[{"embeddable":true,"href":"https:\/\/blog.cancaonova.com\/paisecatequistas\/wp-json\/wp\/v2\/media\/18834"}],"wp:attachment":[{"href":"https:\/\/blog.cancaonova.com\/paisecatequistas\/wp-json\/wp\/v2\/media?parent=18810"}],"wp:term":[{"taxonomy":"category","embeddable":true,"href":"https:\/\/blog.cancaonova.com\/paisecatequistas\/wp-json\/wp\/v2\/categories?post=18810"},{"taxonomy":"post_tag","embeddable":true,"href":"https:\/\/blog.cancaonova.com\/paisecatequistas\/wp-json\/wp\/v2\/tags?post=18810"}],"curies":[{"name":"wp","href":"https:\/\/api.w.org\/{rel}","templated":true}]}}