{"id":18816,"date":"2025-04-25T13:48:51","date_gmt":"2025-04-25T15:48:51","guid":{"rendered":"https:\/\/blog.cancaonova.com\/paisecatequistas\/?p=18816"},"modified":"2026-04-09T15:05:08","modified_gmt":"2026-04-09T17:05:08","slug":"30-dias-com-maria-um-olhar-de-misericordia","status":"publish","type":"post","link":"https:\/\/blog.cancaonova.com\/paisecatequistas\/30-dias-com-maria-um-olhar-de-misericordia\/","title":{"rendered":"30 dias com Maria: um olhar de miseric\u00f3rdia"},"content":{"rendered":"<p class=\"\" data-start=\"251\" data-end=\"473\">Hoje, vamos olhar para dentro do nosso cora\u00e7\u00e3o como se olh\u00e1ssemos um espelho. \u00c0s vezes, o Esp\u00edrito Santo nos mostra que fizemos escolhas que nos afastaram de Deus, e isso deixou o nosso cora\u00e7\u00e3o um pouquinho sujo e triste.<\/p>\n<p class=\"\" data-start=\"475\" data-end=\"663\">Mas n\u00e3o precisamos ter medo!<\/p>\n<p class=\"\" data-start=\"665\" data-end=\"881\">Quando olhamos os santos e nossos irm\u00e3os que amam a Deus, vemos como \u00e9 linda essa luz que vem do C\u00e9u. E, hoje, vamos pedir a ajuda de Maria para sermos humildes como ela, e assim o nosso cora\u00e7\u00e3o tamb\u00e9m ser\u00e1 belo como o d&#8217;Ela!<\/p>\n<p data-start=\"665\" data-end=\"881\">Vamos ao v\u00eddeo de hoje ?<\/p>\n<p><iframe loading=\"lazy\" title=\"4\u00c2\u00ba dia  Prepara\u00c3\u00a7\u00c3\u00a3o para a Consagra\u00c3\u00a7\u00c3\u00a3o \u00c3\u00a0 Sant\u00c3\u00adssima Virgem para Crian\u00c3\u00a7as\" width=\"600\" height=\"338\" src=\"https:\/\/www.youtube.com\/embed\/sScXZ9OURqE?feature=oembed&amp;rel=0\" frameborder=\"0\" allow=\"accelerometer; autoplay; clipboard-write; encrypted-media; gyroscope; picture-in-picture; web-share\" referrerpolicy=\"strict-origin-when-cross-origin\" allowfullscreen><\/iframe><\/p>\n<p><strong><span style=\"color: #3366ff\"><span style=\"color: #333333\">Efeitos incr\u00edveis dessa devo\u00e7\u00e3o em uma alma fiel<\/span><\/span><\/strong><\/p>\n<p><span style=\"color: #3366ff\"><strong>1. Olhamo-nos no espelho e enxergamos nossa mis\u00e9ria<\/strong><\/span><br \/>\nO Esp\u00edrito Santo nos faz enxergar como somos pecadores, e nossas escolhas v\u00e3o pelo caminho do mundo. \u00c9 como olhar no espelho e ver o pecado tirar nossa pureza. O inimigo deixa nossa alma e nosso cora\u00e7\u00e3o feios. E por isso, com a humildade de Maria, percebemos e n\u00e3o queremos mais essa feiura. Isso nos faz olhar a beleza que existe nos nossos irm\u00e3os e nos santos para imit\u00e1-los.<\/p>\n<p>No v\u00eddeo abaixo, vamos juntos com a Sarah rezar e descobrir qual \u00e9 a motiva\u00e7\u00e3o para o dia de hoje.<\/p>\n<p><span style=\"color: #3366ff\"><strong>2.\u00a0 Ganhamos uma parte da f\u00e9 de Maria<\/strong><\/span><br \/>\nNo C\u00e9u, ningu\u00e9m mais precisa de f\u00e9, porque f\u00e9 \u00e9 crer naquilo que n\u00e3o se v\u00ea. No C\u00e9u, sempre veremos a Deus. Nossa Senhora ganhou a gra\u00e7a de guardar sua f\u00e9. Sabe para qu\u00ea? Para dividir em milh\u00f5es de parcelas aos Seus filhos (n\u00f3s)! Essa f\u00e9 \u00e9 t\u00e3o pura, e nos leva a n\u00e3o nos preocuparmos com o que vemos e tocamos, mas a focar na eternidade. \u00c9 uma f\u00e9 que nos segura, mesmo se houver tempestades, f\u00e9 corajosa, viva, animada, ativa, penetrante, f\u00e9 que ilumina para afastar as trevas.<\/p>\n<p><span style=\"color: #3366ff\"><strong>3.Um puro Amor<\/strong><\/span><br \/>\nMaria nos d\u00e1 um amor puro por Deus. Um amor de Pai e Filho. Um amor de intimidade, de liberdade, de carinho. Passamos a amar a Deus simplesmente porque Ele \u00e9 o Puro Amor.<\/p>\n<p><strong><span style=\"color: #3366ff\">4. Grande confian\u00e7a em Deus e em Maria<\/span><\/strong><br \/>\nMaria nos leva a fazer uma experi\u00eancia de confian\u00e7a. Fa\u00e7a um teste: feche seus olhos, pe\u00e7a para algu\u00e9m ficar ao seu lado e conduzi-lo at\u00e9 voc\u00ea chegar em outra pessoa. De olhos fechados, confiamos que algu\u00e9m vai nos guiar at\u00e9 o destino final. E chegando nele, confiamos: \u00e9 o lugar certo. Maria faz isso com a gente. Leva-nos a Deus, \u00e0 linha de chegada, onde podemos descansar sem nos preocupar com medos e d\u00favidas. Confiando em Maria, confiamos em Deus.<\/p>\n<p><strong><span style=\"color: #3366ff\">5. C\u00f3pias de Maria<\/span><\/strong><br \/>\nVai chegar um tempo em que os crist\u00e3os s\u00f3 v\u00e3o ser sustentados por Maria. N\u00f3s s\u00f3 conseguimos dar gl\u00f3ria a Deus de verdade quando nos abrimos \u00e0 a\u00e7\u00e3o de Maria em n\u00f3s. Precisamos ser c\u00f3pias de Maria para respirar o amor a Jesus Cristo.<\/p>\n<p><span style=\"color: #3366ff\"><strong>6. Moldados por Maria<\/strong><\/span><br \/>\nIgual \u00e0 massinha de modelar, podemos ser moldados de duas formas:<br \/>\nA primeira, com as pr\u00f3prias m\u00e3os, modela a massinha. A segunda, com uma forma perfeita, modela a massinha.<br \/>\nEm qual dessas op\u00e7\u00f5es a massinha vai ficar com uma forma perfeita? Na segunda!<\/p>\n<p>Nossa Senhora formou Jesus, ent\u00e3o Ela tem o molde perfeito. Nessa devo\u00e7\u00e3o, somos trabalhados dessa mesma forma, para sermos mais parecidos com Jesus.<\/p>\n<p><strong><span style=\"color: #3366ff\">7. Dar Gl\u00f3ria a Jesus Cristo<\/span><\/strong><br \/>\nMaria deu mais Gl\u00f3ria a Deus em Sua vida simples em casa, do que todos os Santos juntos em seus sacrif\u00edcios. Nenhuma inten\u00e7\u00e3o foi mais pura e humilde do que a de Maria. E por isso, nesta devo\u00e7\u00e3o, aprendemos a dar Gl\u00f3ria a Deus atrav\u00e9s de Maria, porque Ela \u00e9 quem sabe fazer isso com mais perfei\u00e7\u00e3o.<\/p>\n<p><a href=\"https:\/\/img.cancaonova.com\/cnimages\/especiais\/uploads\/sites\/10\/2025\/04\/ORACOES-12-DIAS-PREPARATORIOS.pdf\"><span style=\"color: #ff6600\"><strong>Ora\u00e7\u00f5es di\u00e1rias para os 12 dias preparat\u00f3rios para o desapego do mundo &#8211; PDF<\/strong><\/span><\/a><\/p>\n<p><strong>Voc\u00ea pode adquirir o livro acessando<a href=\"https:\/\/loja.cancaonova.com\/livro-tratado-da-verdadeira-devocao-a-santissima-virgem-infantil\"> loja.can\u00e7\u00e3onova.com<\/a>\u00a0<\/strong><\/p>\n<p><a href=\"https:\/\/loja.cancaonova.com\/livro-tratado-da-verdadeira-devocao-a-santissima-virgem-infantil\"><img decoding=\"async\" src=\"http:\/\/blog.cancaonova.com\/paisecatequistas\/files\/2025\/04\/Captura-de-tela-2025-04-23-151113.jpg\" \/><\/a><\/p>\n","protected":false},"excerpt":{"rendered":"<p>Hoje vamos olhar para dentro do nosso cora\u00e7\u00e3o, como se olh\u00e1ssemos num espelho. \u00c0s vezes, o Esp\u00edrito Santo nos mostra que fizemos escolhas que nos afastam de Deus&#8230; e isso deixa nosso cora\u00e7\u00e3o um pouquinho sujo e triste.\u00a0<\/p>\n<p>Mas n\u00e3o precisamos ter medo!<\/p>\n<p>Quando olhamos os santos e nossos irm\u00e3os que amam a Deus, vemos como \u00e9 linda essa luz que vem do C\u00e9u. E hoje, vamos pedir a ajuda de Maria, para sermos humildes como Ela, e assim o nosso cora\u00e7\u00e3o tamb\u00e9m ser\u00e1 belo, como o dEla! <a href=\"https:\/\/blog.cancaonova.com\/paisecatequistas\/30-dias-com-maria-um-olhar-de-misericordia\/\">Continue lendo <span class=\"meta-nav\">&rarr;<\/span><\/a><\/p>\n","protected":false},"author":4340,"featured_media":18836,"comment_status":"closed","ping_status":"closed","sticky":false,"template":"","format":"standard","meta":{"_mi_skip_tracking":false,"_monsterinsights_sitenote_active":false,"_monsterinsights_sitenote_note":"","_monsterinsights_sitenote_category":0,"footnotes":""},"categories":[200710],"tags":[5011,16619,15736,8001,16370,18235,231,15899,39326,289756],"_links":{"self":[{"href":"https:\/\/blog.cancaonova.com\/paisecatequistas\/wp-json\/wp\/v2\/posts\/18816"}],"collection":[{"href":"https:\/\/blog.cancaonova.com\/paisecatequistas\/wp-json\/wp\/v2\/posts"}],"about":[{"href":"https:\/\/blog.cancaonova.com\/paisecatequistas\/wp-json\/wp\/v2\/types\/post"}],"author":[{"embeddable":true,"href":"https:\/\/blog.cancaonova.com\/paisecatequistas\/wp-json\/wp\/v2\/users\/4340"}],"replies":[{"embeddable":true,"href":"https:\/\/blog.cancaonova.com\/paisecatequistas\/wp-json\/wp\/v2\/comments?post=18816"}],"version-history":[{"count":9,"href":"https:\/\/blog.cancaonova.com\/paisecatequistas\/wp-json\/wp\/v2\/posts\/18816\/revisions"}],"predecessor-version":[{"id":20336,"href":"https:\/\/blog.cancaonova.com\/paisecatequistas\/wp-json\/wp\/v2\/posts\/18816\/revisions\/20336"}],"wp:featuredmedia":[{"embeddable":true,"href":"https:\/\/blog.cancaonova.com\/paisecatequistas\/wp-json\/wp\/v2\/media\/18836"}],"wp:attachment":[{"href":"https:\/\/blog.cancaonova.com\/paisecatequistas\/wp-json\/wp\/v2\/media?parent=18816"}],"wp:term":[{"taxonomy":"category","embeddable":true,"href":"https:\/\/blog.cancaonova.com\/paisecatequistas\/wp-json\/wp\/v2\/categories?post=18816"},{"taxonomy":"post_tag","embeddable":true,"href":"https:\/\/blog.cancaonova.com\/paisecatequistas\/wp-json\/wp\/v2\/tags?post=18816"}],"curies":[{"name":"wp","href":"https:\/\/api.w.org\/{rel}","templated":true}]}}