{"id":18825,"date":"2025-04-25T14:26:57","date_gmt":"2025-04-25T16:26:57","guid":{"rendered":"https:\/\/blog.cancaonova.com\/paisecatequistas\/?p=18825"},"modified":"2025-04-25T15:19:03","modified_gmt":"2025-04-25T17:19:03","slug":"30-dias-com-maria-o-tesouro-de-deus","status":"publish","type":"post","link":"https:\/\/blog.cancaonova.com\/paisecatequistas\/30-dias-com-maria-o-tesouro-de-deus\/","title":{"rendered":"30 dias com Maria: O Tesouro de Deus"},"content":{"rendered":"<p class=\"\" data-start=\"248\" data-end=\"353\">Estamos no 5\u00ba dia e vamos descobrir um segredo lindo que os santos adoram contar: Maria \u00e9 o grande tesouro do cora\u00e7\u00e3o de Deus Pai!<\/p>\n<p>Os santos gostam de dizer que Maria \u00e9 o Tesouro do Senhor, porque:<\/p>\n<ul>\n<li>Deus Pai juntou todas as \u00e1guas e chamou-as de mar; juntou as Suas gra\u00e7as e chamou-as de Maria;<\/li>\n<li>Deus Filho fez de Maria a administradora de todas as Suas gra\u00e7as. Ela \u00e9 o canal misterioso, \u00e9 o cano que Ele usa para distribuir Sua miseric\u00f3rdia;<\/li>\n<li>Deus Esp\u00edrito Santo deu a Maria todos os seus dons e virtudes, e o direito de distribu\u00ed-los a quem quiser, quanto quiser, como e quando quiser. Tudo chega a n\u00f3s atrav\u00e9s das m\u00e3os de Maria.<\/li>\n<\/ul>\n<p>Prontos para o v\u00eddeo de hoje? Ent\u00e3o vamos l\u00e1!<\/p>\n<p><iframe loading=\"lazy\" title=\"5\u00c2\u00ba dia I Prepara\u00c3\u00a7\u00c3\u00a3o para a Consagra\u00c3\u00a7\u00c3\u00a3o a Sant\u00c3\u00adssima Virgem para Crian\u00c3\u00a7as\" width=\"600\" height=\"338\" src=\"https:\/\/www.youtube.com\/embed\/eoKxip10VYc?feature=oembed&amp;rel=0\" frameborder=\"0\" allow=\"accelerometer; autoplay; clipboard-write; encrypted-media; gyroscope; picture-in-picture; web-share\" referrerpolicy=\"strict-origin-when-cross-origin\" allowfullscreen><\/iframe><\/p>\n<p><a href=\"https:\/\/img.cancaonova.com\/cnimages\/especiais\/uploads\/sites\/10\/2025\/04\/ORACOES-12-DIAS-PREPARATORIOS.pdf\"><span style=\"color: #ff6600\"><strong>Ora\u00e7\u00f5es di\u00e1rias para os 12 dias preparat\u00f3rios para o desapego do mundo &#8211; PDF<\/strong><\/span><\/a><\/p>\n<p><strong>Voc\u00ea pode adquirir o livro acessando<a href=\"https:\/\/loja.cancaonova.com\/livro-tratado-da-verdadeira-devocao-a-santissima-virgem-infantil\"> loja.can\u00e7\u00e3onova.com<\/a>\u00a0<\/strong><\/p>\n<p><a href=\"https:\/\/loja.cancaonova.com\/livro-tratado-da-verdadeira-devocao-a-santissima-virgem-infantil\"><img decoding=\"async\" src=\"http:\/\/blog.cancaonova.com\/paisecatequistas\/files\/2025\/04\/Captura-de-tela-2025-04-23-151113.jpg\" \/><\/a><\/p>\n","protected":false},"excerpt":{"rendered":"<p>Estamos no 5\u00ba dia e vamos descobrir um segredo lindo que os santos adoram contar: Maria \u00e9 o grande Tesouro do Cora\u00e7\u00e3o de Deus Pai!\u00a0 <a href=\"https:\/\/blog.cancaonova.com\/paisecatequistas\/30-dias-com-maria-o-tesouro-de-deus\/\">Continue lendo <span class=\"meta-nav\">&rarr;<\/span><\/a><\/p>\n","protected":false},"author":4340,"featured_media":18838,"comment_status":"closed","ping_status":"closed","sticky":false,"template":"","format":"standard","meta":{"_mi_skip_tracking":false,"_monsterinsights_sitenote_active":false,"_monsterinsights_sitenote_note":"","_monsterinsights_sitenote_category":0,"footnotes":""},"categories":[200710],"tags":[],"_links":{"self":[{"href":"https:\/\/blog.cancaonova.com\/paisecatequistas\/wp-json\/wp\/v2\/posts\/18825"}],"collection":[{"href":"https:\/\/blog.cancaonova.com\/paisecatequistas\/wp-json\/wp\/v2\/posts"}],"about":[{"href":"https:\/\/blog.cancaonova.com\/paisecatequistas\/wp-json\/wp\/v2\/types\/post"}],"author":[{"embeddable":true,"href":"https:\/\/blog.cancaonova.com\/paisecatequistas\/wp-json\/wp\/v2\/users\/4340"}],"replies":[{"embeddable":true,"href":"https:\/\/blog.cancaonova.com\/paisecatequistas\/wp-json\/wp\/v2\/comments?post=18825"}],"version-history":[{"count":4,"href":"https:\/\/blog.cancaonova.com\/paisecatequistas\/wp-json\/wp\/v2\/posts\/18825\/revisions"}],"predecessor-version":[{"id":18841,"href":"https:\/\/blog.cancaonova.com\/paisecatequistas\/wp-json\/wp\/v2\/posts\/18825\/revisions\/18841"}],"wp:featuredmedia":[{"embeddable":true,"href":"https:\/\/blog.cancaonova.com\/paisecatequistas\/wp-json\/wp\/v2\/media\/18838"}],"wp:attachment":[{"href":"https:\/\/blog.cancaonova.com\/paisecatequistas\/wp-json\/wp\/v2\/media?parent=18825"}],"wp:term":[{"taxonomy":"category","embeddable":true,"href":"https:\/\/blog.cancaonova.com\/paisecatequistas\/wp-json\/wp\/v2\/categories?post=18825"},{"taxonomy":"post_tag","embeddable":true,"href":"https:\/\/blog.cancaonova.com\/paisecatequistas\/wp-json\/wp\/v2\/tags?post=18825"}],"curies":[{"name":"wp","href":"https:\/\/api.w.org\/{rel}","templated":true}]}}