{"id":18843,"date":"2025-04-28T16:12:07","date_gmt":"2025-04-28T18:12:07","guid":{"rendered":"https:\/\/blog.cancaonova.com\/paisecatequistas\/?p=18843"},"modified":"2025-04-29T08:50:29","modified_gmt":"2025-04-29T10:50:29","slug":"30-dias-com-maria-jesus-e-o-nosso-tudo","status":"publish","type":"post","link":"https:\/\/blog.cancaonova.com\/paisecatequistas\/30-dias-com-maria-jesus-e-o-nosso-tudo\/","title":{"rendered":"30 dias com Maria: Jesus \u00e9 o Nosso Tudo!"},"content":{"rendered":"<p><em>\u201cNossa Senhora quer formar Cristo em n\u00f3s. Ela sabe em que\u00a0precisamos ser curados e se interessa em retirar todos os entulhos do nosso cora\u00e7\u00e3o, para que a cura aconte\u00e7a. Maria tem\u00a0toda a pedagogia para nos ajudar.\u201d<\/em> Pe. Jonas Abib<\/p>\n<p class=\"\" data-start=\"119\" data-end=\"632\">Toda verdadeira devo\u00e7\u00e3o crist\u00e3 tem um <strong>centro<\/strong>, uma <strong>origem<\/strong> e um <strong>destino<\/strong>: <strong>Jesus Cristo<\/strong>. Sem Ele, qualquer pr\u00e1tica de f\u00e9 perde seu sentido e valor. Quando nos aproximamos de Nossa Senhora \u2014 ou de qualquer outra devo\u00e7\u00e3o \u2014 \u00e9 essencial lembrar que o objetivo final \u00e9 sermos conduzidos mais profundamente a Jesus. Maria, como M\u00e3e e Serva do Senhor, n\u00e3o aponta para si mesma, mas sempre nos leva a Cristo. Por isso, devemos sempre discernir: <strong>se uma devo\u00e7\u00e3o n\u00e3o tem Jesus como seu centro e finalidade, devemos rejeit\u00e1-la.<\/strong><\/p>\n<p><iframe loading=\"lazy\" title=\"6\u00c2\u00ba dia I Prepara\u00c3\u00a7\u00c3\u00a3o para a Consagra\u00c3\u00a7\u00c3\u00a3o \u00c3\u00a0 Sant\u00c3\u00adssima Virgem para Crian\u00c3\u00a7as\" width=\"600\" height=\"338\" src=\"https:\/\/www.youtube.com\/embed\/B4bff6g1rOc?feature=oembed&amp;rel=0\" frameborder=\"0\" allow=\"accelerometer; autoplay; clipboard-write; encrypted-media; gyroscope; picture-in-picture; web-share\" referrerpolicy=\"strict-origin-when-cross-origin\" allowfullscreen><\/iframe><\/p>\n<p><a href=\"https:\/\/img.cancaonova.com\/cnimages\/especiais\/uploads\/sites\/10\/2025\/04\/ORACOES-12-DIAS-PREPARATORIOS.pdf\"><span style=\"color: #ff6600\"><strong>Ora\u00e7\u00f5es di\u00e1rias para os 12 dias preparat\u00f3rios para o desapego do mundo &#8211; PDF<\/strong><\/span><\/a><\/p>\n<p><strong>Voc\u00ea pode adquirir o livro acessando<a href=\"https:\/\/loja.cancaonova.com\/livro-tratado-da-verdadeira-devocao-a-santissima-virgem-infantil\"> loja.can\u00e7\u00e3onova.com<\/a>\u00a0<\/strong><\/p>\n<p><a href=\"https:\/\/loja.cancaonova.com\/livro-tratado-da-verdadeira-devocao-a-santissima-virgem-infantil\"><img decoding=\"async\" src=\"http:\/\/blog.cancaonova.com\/paisecatequistas\/files\/2025\/04\/Captura-de-tela-2025-04-23-151113.jpg\" \/><\/a><\/p>\n","protected":false},"excerpt":{"rendered":"<p>Toda verdadeira devo\u00e7\u00e3o crist\u00e3 tem um centro, uma origem e um destino: Jesus Cristo. Sem Ele, qualquer pr\u00e1tica de f\u00e9 perde seu sentido e valor. Quando nos aproximamos de Nossa Senhora \u2014 ou de qualquer outra devo\u00e7\u00e3o \u2014 \u00e9 essencial lembrar que o objetivo final \u00e9 sermos conduzidos mais profundamente a Jesus. Maria, como M\u00e3e e Serva do Senhor, n\u00e3o aponta para si mesma, mas sempre nos leva a Cristo. Por isso, devemos sempre discernir: se uma devo\u00e7\u00e3o n\u00e3o tem Jesus como seu centro e finalidade, devemos rejeit\u00e1-la. <a href=\"https:\/\/blog.cancaonova.com\/paisecatequistas\/30-dias-com-maria-jesus-e-o-nosso-tudo\/\">Continue lendo <span class=\"meta-nav\">&rarr;<\/span><\/a><\/p>\n","protected":false},"author":4340,"featured_media":18844,"comment_status":"closed","ping_status":"closed","sticky":false,"template":"","format":"standard","meta":{"_mi_skip_tracking":false,"_monsterinsights_sitenote_active":false,"_monsterinsights_sitenote_note":"","_monsterinsights_sitenote_category":0,"footnotes":""},"categories":[200710],"tags":[6351,289762,8001,221,231,8181,289756],"_links":{"self":[{"href":"https:\/\/blog.cancaonova.com\/paisecatequistas\/wp-json\/wp\/v2\/posts\/18843"}],"collection":[{"href":"https:\/\/blog.cancaonova.com\/paisecatequistas\/wp-json\/wp\/v2\/posts"}],"about":[{"href":"https:\/\/blog.cancaonova.com\/paisecatequistas\/wp-json\/wp\/v2\/types\/post"}],"author":[{"embeddable":true,"href":"https:\/\/blog.cancaonova.com\/paisecatequistas\/wp-json\/wp\/v2\/users\/4340"}],"replies":[{"embeddable":true,"href":"https:\/\/blog.cancaonova.com\/paisecatequistas\/wp-json\/wp\/v2\/comments?post=18843"}],"version-history":[{"count":2,"href":"https:\/\/blog.cancaonova.com\/paisecatequistas\/wp-json\/wp\/v2\/posts\/18843\/revisions"}],"predecessor-version":[{"id":18846,"href":"https:\/\/blog.cancaonova.com\/paisecatequistas\/wp-json\/wp\/v2\/posts\/18843\/revisions\/18846"}],"wp:featuredmedia":[{"embeddable":true,"href":"https:\/\/blog.cancaonova.com\/paisecatequistas\/wp-json\/wp\/v2\/media\/18844"}],"wp:attachment":[{"href":"https:\/\/blog.cancaonova.com\/paisecatequistas\/wp-json\/wp\/v2\/media?parent=18843"}],"wp:term":[{"taxonomy":"category","embeddable":true,"href":"https:\/\/blog.cancaonova.com\/paisecatequistas\/wp-json\/wp\/v2\/categories?post=18843"},{"taxonomy":"post_tag","embeddable":true,"href":"https:\/\/blog.cancaonova.com\/paisecatequistas\/wp-json\/wp\/v2\/tags?post=18843"}],"curies":[{"name":"wp","href":"https:\/\/api.w.org\/{rel}","templated":true}]}}