{"id":18848,"date":"2025-04-29T09:15:26","date_gmt":"2025-04-29T11:15:26","guid":{"rendered":"https:\/\/blog.cancaonova.com\/paisecatequistas\/?p=18848"},"modified":"2025-04-29T09:39:41","modified_gmt":"2025-04-29T11:39:41","slug":"30-dias-com-maria-quem-quer-ser-santo","status":"publish","type":"post","link":"https:\/\/blog.cancaonova.com\/paisecatequistas\/30-dias-com-maria-quem-quer-ser-santo\/","title":{"rendered":"30 dias com Maria: Quem quer ser santo?"},"content":{"rendered":"<p>Estamos no nosso 7\u00ba dia de prepara\u00e7\u00e3o para a Consagra\u00e7\u00e3o a Sant\u00edssima Virgem, segundo o m\u00e9todo de S\u00e3o Lu\u00eds de Montfort adaptado para as crian\u00e7as.<\/p>\n<p>Jesus, Deus Homem, nasceu do Esp\u00edrito Santo em uni\u00e3o a Maria. E \u00e9 assim que os santos nascem tamb\u00e9m. Quando o Esp\u00edrito Santo encontra em uma pessoa um amor e uni\u00e3o muito grande com Maria, Ele a ama de tal maneira, que cria formas mais profundas de faz\u00ea-la Santa.<br \/>\nEnt\u00e3o, para sermos santos, precisamos amar e ser fi\u00e9is a Nossa Senhora, assim como ela ama e \u00e9 fiel a Jesus, pois, atrav\u00e9s dela, vamos aprender a ser santos.<\/p>\n<p><em><strong>Quem quer ser santo diga: eu!!!<\/strong><\/em><\/p>\n<p><iframe loading=\"lazy\" title=\"7\u00c2\u00ba dia I Prepara\u00c3\u00a7\u00c3\u00a3o para a Consagra\u00c3\u00a7\u00c3\u00a3o \u00c3\u00a0 Sant\u00c3\u00adssima Virgem para Crian\u00c3\u00a7as\" width=\"600\" height=\"338\" src=\"https:\/\/www.youtube.com\/embed\/K3Ouu3DZ-RE?feature=oembed&amp;rel=0\" frameborder=\"0\" allow=\"accelerometer; autoplay; clipboard-write; encrypted-media; gyroscope; picture-in-picture; web-share\" referrerpolicy=\"strict-origin-when-cross-origin\" allowfullscreen><\/iframe><\/p>\n<p><a href=\"https:\/\/img.cancaonova.com\/cnimages\/especiais\/uploads\/sites\/10\/2025\/04\/ORACOES-12-DIAS-PREPARATORIOS.pdf\"><span style=\"color: #ff6600\"><strong>Ora\u00e7\u00f5es di\u00e1rias para os 12 dias preparat\u00f3rios para o desapego do mundo &#8211; PDF<\/strong><\/span><\/a><\/p>\n<p><strong>Voc\u00ea pode adquirir o livro acessando<a href=\"https:\/\/loja.cancaonova.com\/livro-tratado-da-verdadeira-devocao-a-santissima-virgem-infantil\"> loja.cancaonova.com<\/a>\u00a0<\/strong><\/p>\n<p><a href=\"https:\/\/loja.cancaonova.com\/livro-tratado-da-verdadeira-devocao-a-santissima-virgem-infantil\"><img decoding=\"async\" src=\"http:\/\/blog.cancaonova.com\/paisecatequistas\/files\/2025\/04\/Captura-de-tela-2025-04-23-151113.jpg\" \/><\/a><\/p>\n","protected":false},"excerpt":{"rendered":"<p>Jesus, Deus Homem, nasceu do Esp\u00edrito Santo em uni\u00e3o a Maria. E \u00e9 assim que os Santos nascem tamb\u00e9m. Quando o Esp\u00edrito Santo encontra em uma pessoa um amor e uni\u00e3o muito\u00a0grande com Maria, Ele a ama de tal maneira que cria formas mais profundas de faz\u00ea-la Santa! <a href=\"https:\/\/blog.cancaonova.com\/paisecatequistas\/30-dias-com-maria-quem-quer-ser-santo\/\">Continue lendo <span class=\"meta-nav\">&rarr;<\/span><\/a><\/p>\n","protected":false},"author":4340,"featured_media":18849,"comment_status":"closed","ping_status":"closed","sticky":false,"template":"","format":"standard","meta":{"_mi_skip_tracking":false,"_monsterinsights_sitenote_active":false,"_monsterinsights_sitenote_note":"","_monsterinsights_sitenote_category":0,"footnotes":""},"categories":[200710],"tags":[6351,18989,221,18235,231,289763,7761],"_links":{"self":[{"href":"https:\/\/blog.cancaonova.com\/paisecatequistas\/wp-json\/wp\/v2\/posts\/18848"}],"collection":[{"href":"https:\/\/blog.cancaonova.com\/paisecatequistas\/wp-json\/wp\/v2\/posts"}],"about":[{"href":"https:\/\/blog.cancaonova.com\/paisecatequistas\/wp-json\/wp\/v2\/types\/post"}],"author":[{"embeddable":true,"href":"https:\/\/blog.cancaonova.com\/paisecatequistas\/wp-json\/wp\/v2\/users\/4340"}],"replies":[{"embeddable":true,"href":"https:\/\/blog.cancaonova.com\/paisecatequistas\/wp-json\/wp\/v2\/comments?post=18848"}],"version-history":[{"count":3,"href":"https:\/\/blog.cancaonova.com\/paisecatequistas\/wp-json\/wp\/v2\/posts\/18848\/revisions"}],"predecessor-version":[{"id":18854,"href":"https:\/\/blog.cancaonova.com\/paisecatequistas\/wp-json\/wp\/v2\/posts\/18848\/revisions\/18854"}],"wp:featuredmedia":[{"embeddable":true,"href":"https:\/\/blog.cancaonova.com\/paisecatequistas\/wp-json\/wp\/v2\/media\/18849"}],"wp:attachment":[{"href":"https:\/\/blog.cancaonova.com\/paisecatequistas\/wp-json\/wp\/v2\/media?parent=18848"}],"wp:term":[{"taxonomy":"category","embeddable":true,"href":"https:\/\/blog.cancaonova.com\/paisecatequistas\/wp-json\/wp\/v2\/categories?post=18848"},{"taxonomy":"post_tag","embeddable":true,"href":"https:\/\/blog.cancaonova.com\/paisecatequistas\/wp-json\/wp\/v2\/tags?post=18848"}],"curies":[{"name":"wp","href":"https:\/\/api.w.org\/{rel}","templated":true}]}}