{"id":18852,"date":"2025-04-29T10:12:13","date_gmt":"2025-04-29T12:12:13","guid":{"rendered":"https:\/\/blog.cancaonova.com\/paisecatequistas\/?p=18852"},"modified":"2025-04-29T10:49:25","modified_gmt":"2025-04-29T12:49:25","slug":"30-dias-com-maria-sao-jose-rogai-por-nos","status":"publish","type":"post","link":"https:\/\/blog.cancaonova.com\/paisecatequistas\/30-dias-com-maria-sao-jose-rogai-por-nos\/","title":{"rendered":"30 dias com Maria: S\u00e3o Jos\u00e9 rogai por n\u00f3s!"},"content":{"rendered":"<p>Estamos no 8\u00ba dia em prepara\u00e7\u00e3o para a Consagra\u00e7\u00e3o a Virgem Maria segundo o m\u00e9todo de S\u00e3o Lu\u00eds Maria de Grignion de Montfort.<\/p>\n<p>Hoje tamb\u00e9m \u00e9 um dia especial, pois \u00e9 o dia de S\u00e3o Jos\u00e9 Oper\u00e1rio. Confiemos \u00e0 S\u00e3o Jos\u00e9 as nossas ora\u00e7\u00f5es neste dia!<\/p>\n<p><em>Jesus, Maria e Jos\u00e9, nossa fam\u00edlia vossa \u00e9!<\/em><\/p>\n<p><iframe loading=\"lazy\" title=\"8\u00c2\u00ba dia I Prepara\u00c3\u00a7\u00c3\u00a3o para a Consagra\u00c3\u00a7\u00c3\u00a3o \u00c3\u00a0 Sant\u00c3\u00adssima Virgem para Crian\u00c3\u00a7as\" width=\"600\" height=\"338\" src=\"https:\/\/www.youtube.com\/embed\/v4OnpkXNcD4?feature=oembed&amp;rel=0\" frameborder=\"0\" allow=\"accelerometer; autoplay; clipboard-write; encrypted-media; gyroscope; picture-in-picture; web-share\" referrerpolicy=\"strict-origin-when-cross-origin\" allowfullscreen><\/iframe><\/p>\n<p><a href=\"https:\/\/img.cancaonova.com\/cnimages\/especiais\/uploads\/sites\/10\/2025\/04\/ORACOES-12-DIAS-PREPARATORIOS.pdf\"><span style=\"color: #ff6600\"><strong>Ora\u00e7\u00f5es di\u00e1rias para os 12 dias preparat\u00f3rios para o desapego do mundo &#8211; PDF<\/strong><\/span><\/a><\/p>\n<p><strong>Voc\u00ea pode adquirir o livro acessando<a href=\"https:\/\/loja.cancaonova.com\/livro-tratado-da-verdadeira-devocao-a-santissima-virgem-infantil\"> loja.cancaonova.com<\/a>\u00a0<\/strong><\/p>\n<p><a href=\"https:\/\/loja.cancaonova.com\/livro-tratado-da-verdadeira-devocao-a-santissima-virgem-infantil\"><img decoding=\"async\" src=\"http:\/\/blog.cancaonova.com\/paisecatequistas\/files\/2025\/04\/Captura-de-tela-2025-04-23-151113.jpg\" \/><\/a><\/p>\n<p><a href=\"https:\/\/blog.cancaonova.com\/paisecatequistas\/files\/2021\/03\/Revista-113-Abril-2021-pg-36.pdf\"><img loading=\"lazy\" decoding=\"async\" class=\"wp-image-11444 alignnone\" src=\"http:\/\/blog.cancaonova.com\/paisecatequistas\/files\/2021\/03\/P\u00e1gina36-1.jpg\" alt=\"\" width=\"595\" height=\"904\" srcset=\"https:\/\/blog.cancaonova.com\/paisecatequistas\/files\/2021\/03\/P\u00e1gina36-1.jpg 1594w, https:\/\/blog.cancaonova.com\/paisecatequistas\/files\/2021\/03\/P\u00e1gina36-1-198x300.jpg 198w, https:\/\/blog.cancaonova.com\/paisecatequistas\/files\/2021\/03\/P\u00e1gina36-1-768x1166.jpg 768w\" sizes=\"(max-width: 595px) 100vw, 595px\" \/><\/a><\/p>\n","protected":false},"excerpt":{"rendered":"<p>Estamos no 8\u00ba dia em prepara\u00e7\u00e3o para a Consagra\u00e7\u00e3o a Virgem Maria segundo o m\u00e9todo de S\u00e3o Lu\u00eds Maria de Grignion de Montfort.<\/p>\n<p>Hoje tamb\u00e9m \u00e9 um dia especial, pois \u00e9 o dia de S\u00e3o Jos\u00e9 Oper\u00e1rio. Confiemos \u00e0 S\u00e3o Jos\u00e9 as nossas ora\u00e7\u00f5es neste dia! <a href=\"https:\/\/blog.cancaonova.com\/paisecatequistas\/30-dias-com-maria-sao-jose-rogai-por-nos\/\">Continue lendo <span class=\"meta-nav\">&rarr;<\/span><\/a><\/p>\n","protected":false},"author":4340,"featured_media":18857,"comment_status":"closed","ping_status":"closed","sticky":false,"template":"","format":"standard","meta":{"_mi_skip_tracking":false,"_monsterinsights_sitenote_active":false,"_monsterinsights_sitenote_note":"","_monsterinsights_sitenote_category":0,"footnotes":""},"categories":[200710],"tags":[6351,15736,221,11511],"_links":{"self":[{"href":"https:\/\/blog.cancaonova.com\/paisecatequistas\/wp-json\/wp\/v2\/posts\/18852"}],"collection":[{"href":"https:\/\/blog.cancaonova.com\/paisecatequistas\/wp-json\/wp\/v2\/posts"}],"about":[{"href":"https:\/\/blog.cancaonova.com\/paisecatequistas\/wp-json\/wp\/v2\/types\/post"}],"author":[{"embeddable":true,"href":"https:\/\/blog.cancaonova.com\/paisecatequistas\/wp-json\/wp\/v2\/users\/4340"}],"replies":[{"embeddable":true,"href":"https:\/\/blog.cancaonova.com\/paisecatequistas\/wp-json\/wp\/v2\/comments?post=18852"}],"version-history":[{"count":4,"href":"https:\/\/blog.cancaonova.com\/paisecatequistas\/wp-json\/wp\/v2\/posts\/18852\/revisions"}],"predecessor-version":[{"id":18860,"href":"https:\/\/blog.cancaonova.com\/paisecatequistas\/wp-json\/wp\/v2\/posts\/18852\/revisions\/18860"}],"wp:featuredmedia":[{"embeddable":true,"href":"https:\/\/blog.cancaonova.com\/paisecatequistas\/wp-json\/wp\/v2\/media\/18857"}],"wp:attachment":[{"href":"https:\/\/blog.cancaonova.com\/paisecatequistas\/wp-json\/wp\/v2\/media?parent=18852"}],"wp:term":[{"taxonomy":"category","embeddable":true,"href":"https:\/\/blog.cancaonova.com\/paisecatequistas\/wp-json\/wp\/v2\/categories?post=18852"},{"taxonomy":"post_tag","embeddable":true,"href":"https:\/\/blog.cancaonova.com\/paisecatequistas\/wp-json\/wp\/v2\/tags?post=18852"}],"curies":[{"name":"wp","href":"https:\/\/api.w.org\/{rel}","templated":true}]}}