{"id":18866,"date":"2025-04-29T11:31:31","date_gmt":"2025-04-29T13:31:31","guid":{"rendered":"https:\/\/blog.cancaonova.com\/paisecatequistas\/?p=18866"},"modified":"2025-04-29T12:12:25","modified_gmt":"2025-04-29T14:12:25","slug":"30-dias-com-maria-ou-santos-ou-nada","status":"publish","type":"post","link":"https:\/\/blog.cancaonova.com\/paisecatequistas\/30-dias-com-maria-ou-santos-ou-nada\/","title":{"rendered":"30 dias com Maria: Ou santos ou nada!"},"content":{"rendered":"<p><em>\u201cSou todo Teu, inteiramente Teu&#8230; Agora, como crian\u00e7a necessitada, jogando-me no Teu colo, atirando-me nos Teus bra\u00e7os. <\/em><em>Apoiando-me no Teu cora\u00e7\u00e3o e me escondendo debaixo do Teu manto de M\u00e3e, Te dizendo: Eu Te perten\u00e7o, Maria. Sou Teu. Todo Teu\u201d<\/em> (Padre Jonas Abib)<\/p>\n<p>Entramos no 10\u00ba dia de prepara\u00e7\u00e3o para a Consagra\u00e7\u00e3o a Sant\u00edssima Virgem Maria, e, a cada dia, vai crescendo, no nosso cora\u00e7\u00e3ozinho, o desejo de ser uma crian\u00e7a santa.\u00a0 Sim! Ser santo \u00e9 poss\u00edvel!<\/p>\n<p><iframe loading=\"lazy\" title=\"10\u00c2\u00ba dia I Prepara\u00c3\u00a7\u00c3\u00a3o para a Consagra\u00c3\u00a7\u00c3\u00a3o \u00c3\u00a0 Sant\u00c3\u00adssima Virgem para Crian\u00c3\u00a7as\" width=\"600\" height=\"338\" src=\"https:\/\/www.youtube.com\/embed\/fzxZvk6KGZs?feature=oembed&amp;rel=0\" frameborder=\"0\" allow=\"accelerometer; autoplay; clipboard-write; encrypted-media; gyroscope; picture-in-picture; web-share\" referrerpolicy=\"strict-origin-when-cross-origin\" allowfullscreen><\/iframe><\/p>\n<p><a href=\"https:\/\/img.cancaonova.com\/cnimages\/especiais\/uploads\/sites\/10\/2025\/04\/ORACOES-12-DIAS-PREPARATORIOS.pdf\"><span style=\"color: #ff6600\"><strong>Ora\u00e7\u00f5es di\u00e1rias para os 12 dias preparat\u00f3rios para o desapego do mundo &#8211; PDF<\/strong><\/span><\/a><\/p>\n<p><strong>Voc\u00ea pode adquirir o livro acessando<a href=\"https:\/\/loja.cancaonova.com\/livro-tratado-da-verdadeira-devocao-a-santissima-virgem-infantil\"> loja.cancaonova.com<\/a>\u00a0<\/strong><\/p>\n<p><a href=\"https:\/\/loja.cancaonova.com\/livro-tratado-da-verdadeira-devocao-a-santissima-virgem-infantil\"><img decoding=\"async\" src=\"http:\/\/blog.cancaonova.com\/paisecatequistas\/files\/2025\/04\/Captura-de-tela-2025-04-23-151113.jpg\" \/><\/a><\/p>\n","protected":false},"excerpt":{"rendered":"<p>\u201cSou todo Teu, inteiramente Teu&#8230; Agora, como crian\u00e7a necessitada, jogando-me no Teu colo, atirando-me nos Teus bra\u00e7os.<\/p>\n<p>Apoiando-me no Teu cora\u00e7\u00e3o e me escondendo debaixo do Teu manto de M\u00e3e, Te dizendo: Eu Te perten\u00e7o, Maria. Sou\u00a0Teu. Todo Teu.\u201d Pe. Jonas Abib <a href=\"https:\/\/blog.cancaonova.com\/paisecatequistas\/30-dias-com-maria-ou-santos-ou-nada\/\">Continue lendo <span class=\"meta-nav\">&rarr;<\/span><\/a><\/p>\n","protected":false},"author":4340,"featured_media":18867,"comment_status":"closed","ping_status":"closed","sticky":false,"template":"","format":"standard","meta":{"_mi_skip_tracking":false,"_monsterinsights_sitenote_active":false,"_monsterinsights_sitenote_note":"","_monsterinsights_sitenote_category":0,"footnotes":""},"categories":[200710],"tags":[5011,16619,17102,221,18235,231,8181,17350,7761],"_links":{"self":[{"href":"https:\/\/blog.cancaonova.com\/paisecatequistas\/wp-json\/wp\/v2\/posts\/18866"}],"collection":[{"href":"https:\/\/blog.cancaonova.com\/paisecatequistas\/wp-json\/wp\/v2\/posts"}],"about":[{"href":"https:\/\/blog.cancaonova.com\/paisecatequistas\/wp-json\/wp\/v2\/types\/post"}],"author":[{"embeddable":true,"href":"https:\/\/blog.cancaonova.com\/paisecatequistas\/wp-json\/wp\/v2\/users\/4340"}],"replies":[{"embeddable":true,"href":"https:\/\/blog.cancaonova.com\/paisecatequistas\/wp-json\/wp\/v2\/comments?post=18866"}],"version-history":[{"count":3,"href":"https:\/\/blog.cancaonova.com\/paisecatequistas\/wp-json\/wp\/v2\/posts\/18866\/revisions"}],"predecessor-version":[{"id":18872,"href":"https:\/\/blog.cancaonova.com\/paisecatequistas\/wp-json\/wp\/v2\/posts\/18866\/revisions\/18872"}],"wp:featuredmedia":[{"embeddable":true,"href":"https:\/\/blog.cancaonova.com\/paisecatequistas\/wp-json\/wp\/v2\/media\/18867"}],"wp:attachment":[{"href":"https:\/\/blog.cancaonova.com\/paisecatequistas\/wp-json\/wp\/v2\/media?parent=18866"}],"wp:term":[{"taxonomy":"category","embeddable":true,"href":"https:\/\/blog.cancaonova.com\/paisecatequistas\/wp-json\/wp\/v2\/categories?post=18866"},{"taxonomy":"post_tag","embeddable":true,"href":"https:\/\/blog.cancaonova.com\/paisecatequistas\/wp-json\/wp\/v2\/tags?post=18866"}],"curies":[{"name":"wp","href":"https:\/\/api.w.org\/{rel}","templated":true}]}}