{"id":18882,"date":"2025-05-05T10:21:47","date_gmt":"2025-05-05T12:21:47","guid":{"rendered":"https:\/\/blog.cancaonova.com\/paisecatequistas\/?p=18882"},"modified":"2026-04-07T16:08:33","modified_gmt":"2026-04-07T18:08:33","slug":"30-dia-com-maria-somos-da-casa-de-maria","status":"publish","type":"post","link":"https:\/\/blog.cancaonova.com\/paisecatequistas\/30-dia-com-maria-somos-da-casa-de-maria\/","title":{"rendered":"30 dia com Maria: Somos da Casa de Maria"},"content":{"rendered":"<p><em>\u201cSomos a descend\u00eancia de Maria. Somos a ra\u00e7a de Maria.<\/em><br \/>\n<em>Somos da Sua estirpe. Pertencemos \u00e0 Sua linhagem. Somos\u00a0Casa de Maria.\u201d<\/em> Pe. Jonas Abib<\/p>\n<p data-pm-slice=\"1 1 []\">Chegamos aos 12 primeiros dias de prepara\u00e7\u00e3o para a Consagra\u00e7\u00e3o a Sant\u00edssima Virgem Maria. Restam-nos 28 dias para que no dia 24\/05 fa\u00e7amos o nosso Ato de Consagra\u00e7\u00e3o.<\/p>\n<p>E o tema de hoje \u00e9 a Casa de Maria.<\/p>\n<p>Cada casa, cada fam\u00edlia tem um jeito de ser. Na casa de Jesus tamb\u00e9m foi assim, mas l\u00e1, tudo aconteceu do jeito que Deus queria. O jeito de Maria era o jeito de Deus, porque Ela sempre<br \/>\nesteve dentro da vontade Dele.<br \/>\nPegue a B\u00edblia e leia a hist\u00f3ria de Isaac e Rebeca com seus dois filhos, Esa\u00fa e Jac\u00f3, em Genesis 27. Depois de ler, vamos refletir.<\/p>\n<p>Esa\u00fa: representa as pessoas que nasceram privilegiadas, escolhidas, mas decidem abrir m\u00e3o das coisas de Deus.<\/p>\n<p>Jac\u00f3: representa as pessoas que ganham os privil\u00e9gios atrav\u00e9s da obedi\u00eancia.<\/p>\n<p><iframe loading=\"lazy\" title=\"12\u00c2\u00ba dia I Prepara\u00c3\u00a7\u00c3\u00a3o para a Consagra\u00c3\u00a7\u00c3\u00a3o \u00c3\u00a0 Sant\u00c3\u00adssima Virgem para Crian\u00c3\u00a7as\" width=\"600\" height=\"338\" src=\"https:\/\/www.youtube.com\/embed\/ApG7jIgBvUU?list=PLNlRgLhNKHiejkHkEEXgJVwNJjPKHWqET&amp;rel=0\" frameborder=\"0\" allow=\"accelerometer; autoplay; clipboard-write; encrypted-media; gyroscope; picture-in-picture; web-share\" referrerpolicy=\"strict-origin-when-cross-origin\" allowfullscreen><\/iframe><\/p>\n<p><a href=\"https:\/\/img.cancaonova.com\/cnimages\/especiais\/uploads\/sites\/10\/2025\/04\/ORACOES-12-DIAS-PREPARATORIOS.pdf\"><span style=\"color: #ff6600\"><strong>Ora\u00e7\u00f5es di\u00e1rias para os 12 dias preparat\u00f3rios para o desapego do mundo &#8211; PDF<\/strong><\/span><\/a><\/p>\n<p><strong>Voc\u00ea pode adquirir o livro acessando<a href=\"https:\/\/loja.cancaonova.com\/livro-tratado-da-verdadeira-devocao-a-santissima-virgem-infantil\"> loja.cancaonova.com<\/a>\u00a0<\/strong><\/p>\n<p><a href=\"https:\/\/loja.cancaonova.com\/livro-tratado-da-verdadeira-devocao-a-santissima-virgem-infantil\"><img decoding=\"async\" src=\"http:\/\/blog.cancaonova.com\/paisecatequistas\/files\/2025\/04\/Captura-de-tela-2025-04-23-151113.jpg\" \/><\/a><\/p>\n","protected":false},"excerpt":{"rendered":"<p>\u201cSomos a descend\u00eancia de Maria. Somos a ra\u00e7a de Maria.<br \/>\nSomos da Sua estirpe. Pertencemos \u00e0 Sua linhagem. Somos\u00a0Casa de Maria.\u201d Pe. Jonas Abib <a href=\"https:\/\/blog.cancaonova.com\/paisecatequistas\/30-dia-com-maria-somos-da-casa-de-maria\/\">Continue lendo <span class=\"meta-nav\">&rarr;<\/span><\/a><\/p>\n","protected":false},"author":4340,"featured_media":18885,"comment_status":"closed","ping_status":"closed","sticky":false,"template":"","format":"standard","meta":{"_mi_skip_tracking":false,"_monsterinsights_sitenote_active":false,"_monsterinsights_sitenote_note":"","_monsterinsights_sitenote_category":0,"footnotes":""},"categories":[200710],"tags":[16619,16957,15736,8001,231,289756],"_links":{"self":[{"href":"https:\/\/blog.cancaonova.com\/paisecatequistas\/wp-json\/wp\/v2\/posts\/18882"}],"collection":[{"href":"https:\/\/blog.cancaonova.com\/paisecatequistas\/wp-json\/wp\/v2\/posts"}],"about":[{"href":"https:\/\/blog.cancaonova.com\/paisecatequistas\/wp-json\/wp\/v2\/types\/post"}],"author":[{"embeddable":true,"href":"https:\/\/blog.cancaonova.com\/paisecatequistas\/wp-json\/wp\/v2\/users\/4340"}],"replies":[{"embeddable":true,"href":"https:\/\/blog.cancaonova.com\/paisecatequistas\/wp-json\/wp\/v2\/comments?post=18882"}],"version-history":[{"count":2,"href":"https:\/\/blog.cancaonova.com\/paisecatequistas\/wp-json\/wp\/v2\/posts\/18882\/revisions"}],"predecessor-version":[{"id":18886,"href":"https:\/\/blog.cancaonova.com\/paisecatequistas\/wp-json\/wp\/v2\/posts\/18882\/revisions\/18886"}],"wp:featuredmedia":[{"embeddable":true,"href":"https:\/\/blog.cancaonova.com\/paisecatequistas\/wp-json\/wp\/v2\/media\/18885"}],"wp:attachment":[{"href":"https:\/\/blog.cancaonova.com\/paisecatequistas\/wp-json\/wp\/v2\/media?parent=18882"}],"wp:term":[{"taxonomy":"category","embeddable":true,"href":"https:\/\/blog.cancaonova.com\/paisecatequistas\/wp-json\/wp\/v2\/categories?post=18882"},{"taxonomy":"post_tag","embeddable":true,"href":"https:\/\/blog.cancaonova.com\/paisecatequistas\/wp-json\/wp\/v2\/tags?post=18882"}],"curies":[{"name":"wp","href":"https:\/\/api.w.org\/{rel}","templated":true}]}}