{"id":18888,"date":"2025-05-06T09:31:06","date_gmt":"2025-05-06T11:31:06","guid":{"rendered":"https:\/\/blog.cancaonova.com\/paisecatequistas\/?p=18888"},"modified":"2026-04-08T13:59:00","modified_gmt":"2026-04-08T15:59:00","slug":"30-dias-com-maria-entramos-na-segunda-semana","status":"publish","type":"post","link":"https:\/\/blog.cancaonova.com\/paisecatequistas\/30-dias-com-maria-entramos-na-segunda-semana\/","title":{"rendered":"30 dias com Maria: Preparando o cora\u00e7\u00e3o!"},"content":{"rendered":"<p class=\"\" data-start=\"82\" data-end=\"449\">Completamos os 12 primeiros dias e entramos na 2\u00aa semana em prepara\u00e7\u00e3o para a Consagra\u00e7\u00e3o a Nossa Senhora, segundo o <em data-start=\"213\" data-end=\"278\">Tratado da Verdadeira Devo\u00e7\u00e3o \u00e0 Sant\u00edssima Virgem para Crian\u00e7as<\/em>, pelo m\u00e9todo de S\u00e3o Lu\u00eds Maria Grignion de Montfort, que foi adaptado por Sarah Sabar\u00e1 e pelo Padre Francisco Amaral, cap\u00edtulo por cap\u00edtulo, a partir do tratado original.<\/p>\n<p><iframe loading=\"lazy\" title=\"13\u00c2\u00ba dia I Prepara\u00c3\u00a7\u00c3\u00a3o para a Consagra\u00c3\u00a7\u00c3\u00a3o \u00c3\u00a0 Sant\u00c3\u00adssima Virgem para Crian\u00c3\u00a7as\" width=\"600\" height=\"338\" src=\"https:\/\/www.youtube.com\/embed\/B3xz2G12WIk?list=PLNlRgLhNKHiejkHkEEXgJVwNJjPKHWqET&amp;rel=0\" frameborder=\"0\" allow=\"accelerometer; autoplay; clipboard-write; encrypted-media; gyroscope; picture-in-picture; web-share\" referrerpolicy=\"strict-origin-when-cross-origin\" allowfullscreen><\/iframe><\/p>\n<p class=\"\" data-start=\"451\" data-end=\"511\">Vamos recordar juntos os passos para viver esta Consagra\u00e7\u00e3o?<\/p>\n<p class=\"\" data-start=\"513\" data-end=\"533\"><strong data-start=\"513\" data-end=\"531\">Passo a Passo:<\/strong><\/p>\n<ol data-start=\"534\" data-end=\"960\">\n<li class=\"\" data-start=\"534\" data-end=\"702\">\n<p class=\"\" data-start=\"537\" data-end=\"702\">Pe\u00e7a a um adulto para ler com voc\u00ea este livro, junto ao livro original <em data-start=\"608\" data-end=\"659\">Tratado da Verdadeira Devo\u00e7\u00e3o \u00e0 Sant\u00edssima Virgem<\/em>, de S\u00e3o Lu\u00eds Maria Grignion de Montfort.<\/p>\n<\/li>\n<li class=\"\" data-start=\"703\" data-end=\"766\">\n<p class=\"\" data-start=\"706\" data-end=\"766\">Escolha um dia dedicado a Nossa Senhora para se consagrar.<\/p>\n<\/li>\n<li class=\"\" data-start=\"767\" data-end=\"871\">\n<p class=\"\" data-start=\"770\" data-end=\"871\">Fa\u00e7a as ora\u00e7\u00f5es de prepara\u00e7\u00e3o durante 30 dias antes da consagra\u00e7\u00e3o (elas estar\u00e3o no Cap\u00edtulo VIII).<\/p>\n<\/li>\n<li class=\"\" data-start=\"872\" data-end=\"960\">\n<p class=\"\" data-start=\"875\" data-end=\"960\">Use um sinal discreto de sua escolha: pulseira (cadeia) com medalha, anel, colar etc.<\/p>\n<\/li>\n<\/ol>\n<p><strong><span style=\"color: #0000ff\">2\u00aa\u00a0 Semana &#8211; Ora\u00e7\u00f5es para esta semana <\/span><\/strong><a href=\"https:\/\/drive.google.com\/file\/d\/1iKBUarIh7bdi5tgtBu8MGT7SCYpRLd9M\/view\"><img loading=\"lazy\" decoding=\"async\" class=\"\" src=\"https:\/\/img.cancaonova.com\/cnimages\/especiais\/uploads\/sites\/10\/2025\/04\/BANNER-SITE-consagracao.jpg\" width=\"612\" height=\"459\" \/><\/a><\/p>\n<p><a href=\"https:\/\/drive.google.com\/file\/d\/13wxSrVJ0fsFGBJirgBtbpOCAZ3_6ABEw\/view\"><img loading=\"lazy\" decoding=\"async\" class=\"alignright size-full wp-image-18889\" src=\"http:\/\/blog.cancaonova.com\/paisecatequistas\/files\/2025\/05\/11.jpg\" alt=\"\" width=\"1414\" height=\"2000\" srcset=\"https:\/\/blog.cancaonova.com\/paisecatequistas\/files\/2025\/05\/11.jpg 1414w, https:\/\/blog.cancaonova.com\/paisecatequistas\/files\/2025\/05\/11-212x300.jpg 212w, https:\/\/blog.cancaonova.com\/paisecatequistas\/files\/2025\/05\/11-768x1086.jpg 768w, https:\/\/blog.cancaonova.com\/paisecatequistas\/files\/2025\/05\/11-1086x1536.jpg 1086w\" sizes=\"(max-width: 1414px) 100vw, 1414px\" \/><\/a> <a href=\"http:\/\/blog.cancaonova.com\/paisecatequistas\/files\/2025\/05\/2.jpg\"><img loading=\"lazy\" decoding=\"async\" class=\"alignright size-full wp-image-18890\" src=\"http:\/\/blog.cancaonova.com\/paisecatequistas\/files\/2025\/05\/2.jpg\" alt=\"\" width=\"1414\" height=\"2000\" srcset=\"https:\/\/blog.cancaonova.com\/paisecatequistas\/files\/2025\/05\/2.jpg 1414w, https:\/\/blog.cancaonova.com\/paisecatequistas\/files\/2025\/05\/2-212x300.jpg 212w, https:\/\/blog.cancaonova.com\/paisecatequistas\/files\/2025\/05\/2-768x1086.jpg 768w, https:\/\/blog.cancaonova.com\/paisecatequistas\/files\/2025\/05\/2-1086x1536.jpg 1086w\" sizes=\"(max-width: 1414px) 100vw, 1414px\" \/><\/a> <a href=\"http:\/\/blog.cancaonova.com\/paisecatequistas\/files\/2025\/05\/3.jpg\"><img loading=\"lazy\" decoding=\"async\" class=\"alignright size-full wp-image-18891\" src=\"http:\/\/blog.cancaonova.com\/paisecatequistas\/files\/2025\/05\/3.jpg\" alt=\"\" width=\"1414\" height=\"2000\" srcset=\"https:\/\/blog.cancaonova.com\/paisecatequistas\/files\/2025\/05\/3.jpg 1414w, https:\/\/blog.cancaonova.com\/paisecatequistas\/files\/2025\/05\/3-212x300.jpg 212w, https:\/\/blog.cancaonova.com\/paisecatequistas\/files\/2025\/05\/3-768x1086.jpg 768w, https:\/\/blog.cancaonova.com\/paisecatequistas\/files\/2025\/05\/3-1086x1536.jpg 1086w\" sizes=\"(max-width: 1414px) 100vw, 1414px\" \/><\/a> <a href=\"http:\/\/blog.cancaonova.com\/paisecatequistas\/files\/2025\/05\/4.jpg\"><img loading=\"lazy\" decoding=\"async\" class=\"alignright size-full wp-image-18892\" src=\"http:\/\/blog.cancaonova.com\/paisecatequistas\/files\/2025\/05\/4.jpg\" alt=\"\" width=\"1414\" height=\"2000\" srcset=\"https:\/\/blog.cancaonova.com\/paisecatequistas\/files\/2025\/05\/4.jpg 1414w, https:\/\/blog.cancaonova.com\/paisecatequistas\/files\/2025\/05\/4-212x300.jpg 212w, https:\/\/blog.cancaonova.com\/paisecatequistas\/files\/2025\/05\/4-768x1086.jpg 768w, https:\/\/blog.cancaonova.com\/paisecatequistas\/files\/2025\/05\/4-1086x1536.jpg 1086w\" sizes=\"(max-width: 1414px) 100vw, 1414px\" \/><\/a><\/p>\n","protected":false},"excerpt":{"rendered":"<p>Completamos os 12 primeiros dias e entramos na 2\u00aa semana em prepara\u00e7\u00e3o para a Consagra\u00e7\u00e3o a Nossa Senhora, segundo o Tratado da Verdadeira Devo\u00e7\u00e3o \u00e0 Sant\u00edssima Virgem para Crian\u00e7as, pelo m\u00e9todo de S\u00e3o Lu\u00eds Maria Grignion de Montfort, que foi&#8230;<\/p>\n","protected":false},"author":4340,"featured_media":18895,"comment_status":"closed","ping_status":"closed","sticky":false,"template":"","format":"standard","meta":{"_mi_skip_tracking":false,"_monsterinsights_sitenote_active":false,"_monsterinsights_sitenote_note":"","_monsterinsights_sitenote_category":0,"footnotes":""},"categories":[200710],"tags":[5011,16619,15736,8001,289764,289757,17349,289756],"_links":{"self":[{"href":"https:\/\/blog.cancaonova.com\/paisecatequistas\/wp-json\/wp\/v2\/posts\/18888"}],"collection":[{"href":"https:\/\/blog.cancaonova.com\/paisecatequistas\/wp-json\/wp\/v2\/posts"}],"about":[{"href":"https:\/\/blog.cancaonova.com\/paisecatequistas\/wp-json\/wp\/v2\/types\/post"}],"author":[{"embeddable":true,"href":"https:\/\/blog.cancaonova.com\/paisecatequistas\/wp-json\/wp\/v2\/users\/4340"}],"replies":[{"embeddable":true,"href":"https:\/\/blog.cancaonova.com\/paisecatequistas\/wp-json\/wp\/v2\/comments?post=18888"}],"version-history":[{"count":9,"href":"https:\/\/blog.cancaonova.com\/paisecatequistas\/wp-json\/wp\/v2\/posts\/18888\/revisions"}],"predecessor-version":[{"id":20335,"href":"https:\/\/blog.cancaonova.com\/paisecatequistas\/wp-json\/wp\/v2\/posts\/18888\/revisions\/20335"}],"wp:featuredmedia":[{"embeddable":true,"href":"https:\/\/blog.cancaonova.com\/paisecatequistas\/wp-json\/wp\/v2\/media\/18895"}],"wp:attachment":[{"href":"https:\/\/blog.cancaonova.com\/paisecatequistas\/wp-json\/wp\/v2\/media?parent=18888"}],"wp:term":[{"taxonomy":"category","embeddable":true,"href":"https:\/\/blog.cancaonova.com\/paisecatequistas\/wp-json\/wp\/v2\/categories?post=18888"},{"taxonomy":"post_tag","embeddable":true,"href":"https:\/\/blog.cancaonova.com\/paisecatequistas\/wp-json\/wp\/v2\/tags?post=18888"}],"curies":[{"name":"wp","href":"https:\/\/api.w.org\/{rel}","templated":true}]}}