{"id":18903,"date":"2025-05-07T11:27:18","date_gmt":"2025-05-07T13:27:18","guid":{"rendered":"https:\/\/blog.cancaonova.com\/paisecatequistas\/?p=18903"},"modified":"2025-05-07T11:33:23","modified_gmt":"2025-05-07T13:33:23","slug":"30-dias-com-maria-eu-quero-ser-santo","status":"publish","type":"post","link":"https:\/\/blog.cancaonova.com\/paisecatequistas\/30-dias-com-maria-eu-quero-ser-santo\/","title":{"rendered":"30 dias com Maria: Eu Quero Ser Santo!"},"content":{"rendered":"<p data-pm-slice=\"1 1 []\">J\u00e1 h\u00e1 14 dias estamos nesta jornada em prepara\u00e7\u00e3o para a Consagra\u00e7\u00e3o \u00e0 Sant\u00edssima Virgem Maria, e seguimos seguindo o<a class=\"qbe-widget\" href=\"https:\/\/loja.cancaonova.com\/livro-tratado-da-verdadeira-devocao-a-santissima-virgem-infantil\" target=\"_blank\" rel=\"noopener noreferrer\"> Tratado da Verdadeira Devo\u00e7\u00e3o \u00e0 Sant\u00edssima Virgem Para Crian\u00e7as &#8211; S\u00e3o Lu\u00eds Maria Grignion de Montfort.<\/a><\/p>\n<p>Que Sarah Sabar\u00e1 e Pe. Francisco Amaral adaptaram cap\u00edtulo por cap\u00edtulo para uma linguagem acess\u00edvel \u00e0s crian\u00e7as.<\/p>\n<p><iframe loading=\"lazy\" title=\"14\u00c2\u00ba dia I Prepara\u00c3\u00a7\u00c3\u00a3o para a Consagra\u00c3\u00a7\u00c3\u00a3o \u00c3\u00a0 Sant\u00c3\u00adssima Virgem para Crian\u00c3\u00a7as\" width=\"600\" height=\"338\" src=\"https:\/\/www.youtube.com\/embed\/46hAVTqVRmI?feature=oembed&amp;rel=0\" frameborder=\"0\" allow=\"accelerometer; autoplay; clipboard-write; encrypted-media; gyroscope; picture-in-picture; web-share\" referrerpolicy=\"strict-origin-when-cross-origin\" allowfullscreen><\/iframe><\/p>\n<p><strong><span style=\"color: #0000ff\">2\u00aa\u00a0 Semana &#8211; Ora\u00e7\u00f5es para esta semana<\/span><\/strong><\/p>\n<p><a href=\"https:\/\/drive.google.com\/file\/d\/1iKBUarIh7bdi5tgtBu8MGT7SCYpRLd9M\/view\"><img loading=\"lazy\" decoding=\"async\" class=\"\" src=\"https:\/\/img.cancaonova.com\/cnimages\/especiais\/uploads\/sites\/10\/2025\/04\/BANNER-SITE-consagracao.jpg\" width=\"612\" height=\"459\" \/><\/a><\/p>\n<p><a href=\"https:\/\/drive.google.com\/file\/d\/13wxSrVJ0fsFGBJirgBtbpOCAZ3_6ABEw\/view\"><img loading=\"lazy\" decoding=\"async\" class=\"alignright size-full wp-image-18889\" src=\"http:\/\/blog.cancaonova.com\/paisecatequistas\/files\/2025\/05\/11.jpg\" alt=\"\" width=\"1414\" height=\"2000\" srcset=\"https:\/\/blog.cancaonova.com\/paisecatequistas\/files\/2025\/05\/11.jpg 1414w, https:\/\/blog.cancaonova.com\/paisecatequistas\/files\/2025\/05\/11-212x300.jpg 212w, https:\/\/blog.cancaonova.com\/paisecatequistas\/files\/2025\/05\/11-768x1086.jpg 768w, https:\/\/blog.cancaonova.com\/paisecatequistas\/files\/2025\/05\/11-1086x1536.jpg 1086w\" sizes=\"(max-width: 1414px) 100vw, 1414px\" \/><\/a> <a href=\"http:\/\/blog.cancaonova.com\/paisecatequistas\/files\/2025\/05\/2.jpg\"><img loading=\"lazy\" decoding=\"async\" class=\"alignright size-full wp-image-18890\" src=\"http:\/\/blog.cancaonova.com\/paisecatequistas\/files\/2025\/05\/2.jpg\" alt=\"\" width=\"1414\" height=\"2000\" srcset=\"https:\/\/blog.cancaonova.com\/paisecatequistas\/files\/2025\/05\/2.jpg 1414w, https:\/\/blog.cancaonova.com\/paisecatequistas\/files\/2025\/05\/2-212x300.jpg 212w, https:\/\/blog.cancaonova.com\/paisecatequistas\/files\/2025\/05\/2-768x1086.jpg 768w, https:\/\/blog.cancaonova.com\/paisecatequistas\/files\/2025\/05\/2-1086x1536.jpg 1086w\" sizes=\"(max-width: 1414px) 100vw, 1414px\" \/><\/a> <a href=\"http:\/\/blog.cancaonova.com\/paisecatequistas\/files\/2025\/05\/3.jpg\"><img loading=\"lazy\" decoding=\"async\" class=\"alignright size-full wp-image-18891\" src=\"http:\/\/blog.cancaonova.com\/paisecatequistas\/files\/2025\/05\/3.jpg\" alt=\"\" width=\"1414\" height=\"2000\" srcset=\"https:\/\/blog.cancaonova.com\/paisecatequistas\/files\/2025\/05\/3.jpg 1414w, https:\/\/blog.cancaonova.com\/paisecatequistas\/files\/2025\/05\/3-212x300.jpg 212w, https:\/\/blog.cancaonova.com\/paisecatequistas\/files\/2025\/05\/3-768x1086.jpg 768w, https:\/\/blog.cancaonova.com\/paisecatequistas\/files\/2025\/05\/3-1086x1536.jpg 1086w\" sizes=\"(max-width: 1414px) 100vw, 1414px\" \/><\/a> <a href=\"http:\/\/blog.cancaonova.com\/paisecatequistas\/files\/2025\/05\/4.jpg\"><img loading=\"lazy\" decoding=\"async\" class=\"alignright size-full wp-image-18892\" src=\"http:\/\/blog.cancaonova.com\/paisecatequistas\/files\/2025\/05\/4.jpg\" alt=\"\" width=\"1414\" height=\"2000\" srcset=\"https:\/\/blog.cancaonova.com\/paisecatequistas\/files\/2025\/05\/4.jpg 1414w, https:\/\/blog.cancaonova.com\/paisecatequistas\/files\/2025\/05\/4-212x300.jpg 212w, https:\/\/blog.cancaonova.com\/paisecatequistas\/files\/2025\/05\/4-768x1086.jpg 768w, https:\/\/blog.cancaonova.com\/paisecatequistas\/files\/2025\/05\/4-1086x1536.jpg 1086w\" sizes=\"(max-width: 1414px) 100vw, 1414px\" \/><\/a><\/p>\n","protected":false},"excerpt":{"rendered":"<p>J\u00e1 h\u00e1 14 dias estamos nesta jornada em prepara\u00e7\u00e3o para a Consagra\u00e7\u00e3o \u00e0 Sant\u00edssima Virgem Maria, e seguimos seguindo o Tratado da Verdadeira Devo\u00e7\u00e3o \u00e0 Sant\u00edssima Virgem Para Crian\u00e7as &#8211; S\u00e3o Lu\u00eds Maria Grignion de Montfort. <a href=\"https:\/\/blog.cancaonova.com\/paisecatequistas\/30-dias-com-maria-eu-quero-ser-santo\/\">Continue lendo <span class=\"meta-nav\">&rarr;<\/span><\/a><\/p>\n","protected":false},"author":4340,"featured_media":18905,"comment_status":"closed","ping_status":"closed","sticky":false,"template":"","format":"standard","meta":{"_mi_skip_tracking":false,"_monsterinsights_sitenote_active":false,"_monsterinsights_sitenote_note":"","_monsterinsights_sitenote_category":0,"footnotes":""},"categories":[200710],"tags":[5011,16619,15736,8001,451,289758,18053,201095,24518],"_links":{"self":[{"href":"https:\/\/blog.cancaonova.com\/paisecatequistas\/wp-json\/wp\/v2\/posts\/18903"}],"collection":[{"href":"https:\/\/blog.cancaonova.com\/paisecatequistas\/wp-json\/wp\/v2\/posts"}],"about":[{"href":"https:\/\/blog.cancaonova.com\/paisecatequistas\/wp-json\/wp\/v2\/types\/post"}],"author":[{"embeddable":true,"href":"https:\/\/blog.cancaonova.com\/paisecatequistas\/wp-json\/wp\/v2\/users\/4340"}],"replies":[{"embeddable":true,"href":"https:\/\/blog.cancaonova.com\/paisecatequistas\/wp-json\/wp\/v2\/comments?post=18903"}],"version-history":[{"count":1,"href":"https:\/\/blog.cancaonova.com\/paisecatequistas\/wp-json\/wp\/v2\/posts\/18903\/revisions"}],"predecessor-version":[{"id":18906,"href":"https:\/\/blog.cancaonova.com\/paisecatequistas\/wp-json\/wp\/v2\/posts\/18903\/revisions\/18906"}],"wp:featuredmedia":[{"embeddable":true,"href":"https:\/\/blog.cancaonova.com\/paisecatequistas\/wp-json\/wp\/v2\/media\/18905"}],"wp:attachment":[{"href":"https:\/\/blog.cancaonova.com\/paisecatequistas\/wp-json\/wp\/v2\/media?parent=18903"}],"wp:term":[{"taxonomy":"category","embeddable":true,"href":"https:\/\/blog.cancaonova.com\/paisecatequistas\/wp-json\/wp\/v2\/categories?post=18903"},{"taxonomy":"post_tag","embeddable":true,"href":"https:\/\/blog.cancaonova.com\/paisecatequistas\/wp-json\/wp\/v2\/tags?post=18903"}],"curies":[{"name":"wp","href":"https:\/\/api.w.org\/{rel}","templated":true}]}}