{"id":18909,"date":"2025-05-08T10:19:10","date_gmt":"2025-05-08T12:19:10","guid":{"rendered":"https:\/\/blog.cancaonova.com\/paisecatequistas\/?p=18909"},"modified":"2026-04-09T15:06:47","modified_gmt":"2026-04-09T17:06:47","slug":"30-dias-com-maria-jesus-eu-vos-adoro","status":"publish","type":"post","link":"https:\/\/blog.cancaonova.com\/paisecatequistas\/30-dias-com-maria-jesus-eu-vos-adoro\/","title":{"rendered":"30 dias com Maria: Jesus Eu Vos Adoro!"},"content":{"rendered":"<p data-pm-slice=\"1 1 []\">Estamos no 15\u00ba dia da nossa prepara\u00e7\u00e3o para a Consagra\u00e7\u00e3o \u00e0 Sant\u00edssima Virgem Maria e hoje vamos viver um dia especial em adora\u00e7\u00e3o a Jesus Eucar\u00edstico. Mas antes vamos rezar juntos a ora\u00e7\u00e3o de hoje.<\/p>\n<p><iframe loading=\"lazy\" title=\"15\u00c2\u00ba dia Prepara\u00c3\u00a7\u00c3\u00a3o para a Consagra\u00c3\u00a7\u00c3\u00a3o \u00c3\u00a0 Sant\u00c3\u00adssima Virgem para Crian\u00c3\u00a7as\" width=\"600\" height=\"338\" src=\"https:\/\/www.youtube.com\/embed\/Aft1ZH_nry4?feature=oembed&amp;rel=0\" frameborder=\"0\" allow=\"accelerometer; autoplay; clipboard-write; encrypted-media; gyroscope; picture-in-picture; web-share\" referrerpolicy=\"strict-origin-when-cross-origin\" allowfullscreen><\/iframe><\/p>\n<p><strong>Dicas para fazer uma Boa Comunh\u00e3o<\/strong><br \/>\nVoc\u00ea que j\u00e1 fez a Primeira Comunh\u00e3o, siga as dicas de S\u00e3o Lu\u00eds Maria para fazer uma boa comunh\u00e3o.<\/p>\n<p><strong>Antes da Comunh\u00e3o<\/strong><br \/>\n1. Fazer-se pequeno.<br \/>\n2. Renunciar suas vontades.<br \/>\n3. Renovar sua consagra\u00e7\u00e3o dizendo: \u201cTotus Tuus ego sum, et omnia mea tua sunt\u201d (Sou todo vosso minha querida Senhora, com tudo que tenho).<br \/>\n4. Pedir a Maria que te empreste o cora\u00e7\u00e3o Dela, para receber Jesus como Ela recebe.<\/p>\n<p><strong>Durante a Comunh\u00e3o<\/strong><br \/>\nRezar tr\u00eas vezes a ora\u00e7\u00e3o. Ao Pai, ao Filho e ao Esp\u00edrito Santo.<br \/>\n\u201cSenhor, eu n\u00e3o sou digno(a) de que entreis em minha morada, mas dizei uma palavra e eu serei salvo(a).\u201d<\/p>\n<p><strong>Depois da Comunh\u00e3o<\/strong><br \/>\nNesse momento, voc\u00ea est\u00e1 com Jesus dentro de voc\u00ea. Converse com Jesus! Que momento mais grandioso!<\/p>\n<ul>\n<li>\u00a0Converse com Jesus.<\/li>\n<li>\u00a0Diga a Jesus o quanto voc\u00ea o ama.<\/li>\n<li>\u00a0Agrade\u00e7a a Maria por deixar seu cora\u00e7\u00e3o mais bonito para receber Jesus.<\/li>\n<li>\u00a0Agrade\u00e7a a Jesus por entregar Sua vida por amor a voc\u00ea e se fazer pequeno na Eucaristia para alimentar a sua alma.<\/li>\n<li>Use a imagina\u00e7\u00e3o para conduzir sua ora\u00e7\u00e3o. Imagine voc\u00ea com Jesus.<\/li>\n<li>\u00a0Jesus se encontra dentro de voc\u00ea.<\/li>\n<li>Adore Jesus.<\/li>\n<li>N\u00e3o reze r\u00e1pido. Pensei em cada palavra e sentimento.<\/li>\n<li>Voc\u00ea participou da Missa inteira se preparando para ESSE momento.<\/li>\n<li>Diga para Ele n\u00e3o olhar seus pecados, mas as virtudes de Maria em voc\u00ea.<\/li>\n<li>E agrade\u00e7a por tanto amor e miseric\u00f3rdia por voc\u00ea.<\/li>\n<\/ul>\n<p><strong>Se voc\u00ea ainda n\u00e3o fez a Primeira Comunh\u00e3o, segue uma ora\u00e7\u00e3o de comunh\u00e3o espiritual:<\/strong><\/p>\n<p><em>Meu Jesus, Eu creio que estais presente no Sant\u00edssimo Sacramento do Altar.<\/em><br \/>\n<em>Amo-Vos sobre todas as coisas, e minha alma suspira por V\u00f3s.<\/em><br \/>\n<em>Mas como n\u00e3o posso receber-Vos agora no Sant\u00edssimo Sacramento, vinde, ao menos espiritualmente, ao meu cora\u00e7\u00e3o. Abra\u00e7o-me Convosco como se j\u00e1 estiv\u00e9sseis<\/em><br \/>\n<em>comigo: uno-me Convosco inteiramente. Ah! N\u00e3o permitais que torne a Separar-me de v\u00f3s!<\/em>\u00a0 (Santo Afonso Maria de Lig\u00f3rio)<\/p>\n<p>&nbsp;<\/p>\n<p><a href=\"https:\/\/drive.google.com\/file\/d\/13wxSrVJ0fsFGBJirgBtbpOCAZ3_6ABEw\/view\"><img loading=\"lazy\" decoding=\"async\" class=\"\" src=\"https:\/\/img.cancaonova.com\/cnimages\/especiais\/uploads\/sites\/10\/2025\/04\/BANNER-SITE-consagracao.jpg\" width=\"612\" height=\"459\" \/><\/a><\/p>\n<p><a href=\"https:\/\/drive.google.com\/file\/d\/13wxSrVJ0fsFGBJirgBtbpOCAZ3_6ABEw\/view\"><img loading=\"lazy\" decoding=\"async\" class=\"alignright size-full wp-image-18889\" src=\"http:\/\/blog.cancaonova.com\/paisecatequistas\/files\/2025\/05\/11.jpg\" alt=\"\" width=\"1414\" height=\"2000\" srcset=\"https:\/\/blog.cancaonova.com\/paisecatequistas\/files\/2025\/05\/11.jpg 1414w, https:\/\/blog.cancaonova.com\/paisecatequistas\/files\/2025\/05\/11-212x300.jpg 212w, https:\/\/blog.cancaonova.com\/paisecatequistas\/files\/2025\/05\/11-768x1086.jpg 768w, https:\/\/blog.cancaonova.com\/paisecatequistas\/files\/2025\/05\/11-1086x1536.jpg 1086w\" sizes=\"(max-width: 1414px) 100vw, 1414px\" \/><\/a> <a href=\"http:\/\/blog.cancaonova.com\/paisecatequistas\/files\/2025\/05\/2.jpg\"><img loading=\"lazy\" decoding=\"async\" class=\"alignright size-full wp-image-18890\" src=\"http:\/\/blog.cancaonova.com\/paisecatequistas\/files\/2025\/05\/2.jpg\" alt=\"\" width=\"1414\" height=\"2000\" srcset=\"https:\/\/blog.cancaonova.com\/paisecatequistas\/files\/2025\/05\/2.jpg 1414w, https:\/\/blog.cancaonova.com\/paisecatequistas\/files\/2025\/05\/2-212x300.jpg 212w, https:\/\/blog.cancaonova.com\/paisecatequistas\/files\/2025\/05\/2-768x1086.jpg 768w, https:\/\/blog.cancaonova.com\/paisecatequistas\/files\/2025\/05\/2-1086x1536.jpg 1086w\" sizes=\"(max-width: 1414px) 100vw, 1414px\" \/><\/a> <a href=\"http:\/\/blog.cancaonova.com\/paisecatequistas\/files\/2025\/05\/3.jpg\"><img loading=\"lazy\" decoding=\"async\" class=\"alignright size-full wp-image-18891\" src=\"http:\/\/blog.cancaonova.com\/paisecatequistas\/files\/2025\/05\/3.jpg\" alt=\"\" width=\"1414\" height=\"2000\" srcset=\"https:\/\/blog.cancaonova.com\/paisecatequistas\/files\/2025\/05\/3.jpg 1414w, https:\/\/blog.cancaonova.com\/paisecatequistas\/files\/2025\/05\/3-212x300.jpg 212w, https:\/\/blog.cancaonova.com\/paisecatequistas\/files\/2025\/05\/3-768x1086.jpg 768w, https:\/\/blog.cancaonova.com\/paisecatequistas\/files\/2025\/05\/3-1086x1536.jpg 1086w\" sizes=\"(max-width: 1414px) 100vw, 1414px\" \/><\/a> <a href=\"http:\/\/blog.cancaonova.com\/paisecatequistas\/files\/2025\/05\/4.jpg\"><img loading=\"lazy\" decoding=\"async\" class=\"alignright size-full wp-image-18892\" src=\"http:\/\/blog.cancaonova.com\/paisecatequistas\/files\/2025\/05\/4.jpg\" alt=\"\" width=\"1414\" height=\"2000\" srcset=\"https:\/\/blog.cancaonova.com\/paisecatequistas\/files\/2025\/05\/4.jpg 1414w, https:\/\/blog.cancaonova.com\/paisecatequistas\/files\/2025\/05\/4-212x300.jpg 212w, https:\/\/blog.cancaonova.com\/paisecatequistas\/files\/2025\/05\/4-768x1086.jpg 768w, https:\/\/blog.cancaonova.com\/paisecatequistas\/files\/2025\/05\/4-1086x1536.jpg 1086w\" sizes=\"(max-width: 1414px) 100vw, 1414px\" \/><\/a><\/p>\n","protected":false},"excerpt":{"rendered":"<p>Estamos no 15\u00ba dia da nossa prepara\u00e7\u00e3o para a Consagra\u00e7\u00e3o \u00e0 Sant\u00edssima Virgem Maria e hoje vamos viver um dia especial em adora\u00e7\u00e3o a Jesus Eucar\u00edstico. Mas antes vamos rezar juntos a ora\u00e7\u00e3o de hoje. <a href=\"https:\/\/blog.cancaonova.com\/paisecatequistas\/30-dias-com-maria-jesus-eu-vos-adoro\/\">Continue lendo <span class=\"meta-nav\">&rarr;<\/span><\/a><\/p>\n","protected":false},"author":4340,"featured_media":18910,"comment_status":"closed","ping_status":"closed","sticky":false,"template":"","format":"standard","meta":{"_mi_skip_tracking":false,"_monsterinsights_sitenote_active":false,"_monsterinsights_sitenote_note":"","_monsterinsights_sitenote_category":0,"footnotes":""},"categories":[200710],"tags":[16377,15736,3671,221,231,289765,289756],"_links":{"self":[{"href":"https:\/\/blog.cancaonova.com\/paisecatequistas\/wp-json\/wp\/v2\/posts\/18909"}],"collection":[{"href":"https:\/\/blog.cancaonova.com\/paisecatequistas\/wp-json\/wp\/v2\/posts"}],"about":[{"href":"https:\/\/blog.cancaonova.com\/paisecatequistas\/wp-json\/wp\/v2\/types\/post"}],"author":[{"embeddable":true,"href":"https:\/\/blog.cancaonova.com\/paisecatequistas\/wp-json\/wp\/v2\/users\/4340"}],"replies":[{"embeddable":true,"href":"https:\/\/blog.cancaonova.com\/paisecatequistas\/wp-json\/wp\/v2\/comments?post=18909"}],"version-history":[{"count":5,"href":"https:\/\/blog.cancaonova.com\/paisecatequistas\/wp-json\/wp\/v2\/posts\/18909\/revisions"}],"predecessor-version":[{"id":20337,"href":"https:\/\/blog.cancaonova.com\/paisecatequistas\/wp-json\/wp\/v2\/posts\/18909\/revisions\/20337"}],"wp:featuredmedia":[{"embeddable":true,"href":"https:\/\/blog.cancaonova.com\/paisecatequistas\/wp-json\/wp\/v2\/media\/18910"}],"wp:attachment":[{"href":"https:\/\/blog.cancaonova.com\/paisecatequistas\/wp-json\/wp\/v2\/media?parent=18909"}],"wp:term":[{"taxonomy":"category","embeddable":true,"href":"https:\/\/blog.cancaonova.com\/paisecatequistas\/wp-json\/wp\/v2\/categories?post=18909"},{"taxonomy":"post_tag","embeddable":true,"href":"https:\/\/blog.cancaonova.com\/paisecatequistas\/wp-json\/wp\/v2\/tags?post=18909"}],"curies":[{"name":"wp","href":"https:\/\/api.w.org\/{rel}","templated":true}]}}