{"id":18915,"date":"2025-05-09T09:30:49","date_gmt":"2025-05-09T11:30:49","guid":{"rendered":"https:\/\/blog.cancaonova.com\/paisecatequistas\/?p=18915"},"modified":"2026-04-27T11:33:52","modified_gmt":"2026-04-27T13:33:52","slug":"30-dias-com-maria-cantai-ao-senhor","status":"publish","type":"post","link":"https:\/\/blog.cancaonova.com\/paisecatequistas\/30-dias-com-maria-cantai-ao-senhor\/","title":{"rendered":"30 dias com Maria: cantai ao Senhor"},"content":{"rendered":"<p data-pm-slice=\"1 1 []\">Este \u00e9 o 17\u00ba dia da nossa prepara\u00e7\u00e3o para a Consagra\u00e7\u00e3o a Virgem Maria, e o prop\u00f3sito de hoje \u00e9 rezar o Angelus, mas de uma forma diferente: n\u00f3s vamos cant\u00e1-lo.<\/p>\n<p><iframe loading=\"lazy\" title=\"17\u00c2\u00ba dia I Prepara\u00c3\u00a7\u00c3\u00a3o para a Consagra\u00c3\u00a7\u00c3\u00a3o \u00c3\u00a0 Sant\u00c3\u00adssima Virgem para Crian\u00c3\u00a7as\" width=\"600\" height=\"338\" src=\"https:\/\/www.youtube.com\/embed\/wm_q1CFiC1I?feature=oembed&amp;rel=0\" frameborder=\"0\" allow=\"accelerometer; autoplay; clipboard-write; encrypted-media; gyroscope; picture-in-picture; web-share\" referrerpolicy=\"strict-origin-when-cross-origin\" allowfullscreen><\/iframe><\/p>\n<p>Vamos cantar o Angelus?<a href=\"https:\/\/youtu.be\/ggXtJTjUBjc?list=PL4D4FA9FC2E0C1B67\"><strong>\u00a0Clique Aqui!<\/strong><\/a><\/p>\n<p><a href=\"https:\/\/drive.google.com\/file\/d\/13wxSrVJ0fsFGBJirgBtbpOCAZ3_6ABEw\/view\"><img loading=\"lazy\" decoding=\"async\" class=\"\" src=\"https:\/\/img.cancaonova.com\/cnimages\/especiais\/uploads\/sites\/10\/2025\/04\/BANNER-SITE-consagracao.jpg\" width=\"612\" height=\"459\" \/><\/a><\/p>\n<p><strong>Rezemos as Ora\u00e7\u00f5es desta semana<\/strong><\/p>\n<p>&nbsp;<\/p>\n<p><a href=\"https:\/\/drive.google.com\/file\/d\/13wxSrVJ0fsFGBJirgBtbpOCAZ3_6ABEw\/view\"><img loading=\"lazy\" decoding=\"async\" class=\"alignright size-full wp-image-18889\" src=\"http:\/\/blog.cancaonova.com\/paisecatequistas\/files\/2025\/05\/11.jpg\" alt=\"\" width=\"1414\" height=\"2000\" srcset=\"https:\/\/blog.cancaonova.com\/paisecatequistas\/files\/2025\/05\/11.jpg 1414w, https:\/\/blog.cancaonova.com\/paisecatequistas\/files\/2025\/05\/11-212x300.jpg 212w, https:\/\/blog.cancaonova.com\/paisecatequistas\/files\/2025\/05\/11-768x1086.jpg 768w, https:\/\/blog.cancaonova.com\/paisecatequistas\/files\/2025\/05\/11-1086x1536.jpg 1086w\" sizes=\"(max-width: 1414px) 100vw, 1414px\" \/><\/a> <a href=\"http:\/\/blog.cancaonova.com\/paisecatequistas\/files\/2025\/05\/2.jpg\"><img loading=\"lazy\" decoding=\"async\" class=\"alignright size-full wp-image-18890\" src=\"http:\/\/blog.cancaonova.com\/paisecatequistas\/files\/2025\/05\/2.jpg\" alt=\"\" width=\"1414\" height=\"2000\" srcset=\"https:\/\/blog.cancaonova.com\/paisecatequistas\/files\/2025\/05\/2.jpg 1414w, https:\/\/blog.cancaonova.com\/paisecatequistas\/files\/2025\/05\/2-212x300.jpg 212w, https:\/\/blog.cancaonova.com\/paisecatequistas\/files\/2025\/05\/2-768x1086.jpg 768w, https:\/\/blog.cancaonova.com\/paisecatequistas\/files\/2025\/05\/2-1086x1536.jpg 1086w\" sizes=\"(max-width: 1414px) 100vw, 1414px\" \/><\/a> <a href=\"http:\/\/blog.cancaonova.com\/paisecatequistas\/files\/2025\/05\/3.jpg\"><img loading=\"lazy\" decoding=\"async\" class=\"alignright size-full wp-image-18891\" src=\"http:\/\/blog.cancaonova.com\/paisecatequistas\/files\/2025\/05\/3.jpg\" alt=\"\" width=\"1414\" height=\"2000\" srcset=\"https:\/\/blog.cancaonova.com\/paisecatequistas\/files\/2025\/05\/3.jpg 1414w, https:\/\/blog.cancaonova.com\/paisecatequistas\/files\/2025\/05\/3-212x300.jpg 212w, https:\/\/blog.cancaonova.com\/paisecatequistas\/files\/2025\/05\/3-768x1086.jpg 768w, https:\/\/blog.cancaonova.com\/paisecatequistas\/files\/2025\/05\/3-1086x1536.jpg 1086w\" sizes=\"(max-width: 1414px) 100vw, 1414px\" \/><\/a> <a href=\"http:\/\/blog.cancaonova.com\/paisecatequistas\/files\/2025\/05\/4.jpg\"><img loading=\"lazy\" decoding=\"async\" class=\"alignright size-full wp-image-18892\" src=\"http:\/\/blog.cancaonova.com\/paisecatequistas\/files\/2025\/05\/4.jpg\" alt=\"\" width=\"1414\" height=\"2000\" srcset=\"https:\/\/blog.cancaonova.com\/paisecatequistas\/files\/2025\/05\/4.jpg 1414w, https:\/\/blog.cancaonova.com\/paisecatequistas\/files\/2025\/05\/4-212x300.jpg 212w, https:\/\/blog.cancaonova.com\/paisecatequistas\/files\/2025\/05\/4-768x1086.jpg 768w, https:\/\/blog.cancaonova.com\/paisecatequistas\/files\/2025\/05\/4-1086x1536.jpg 1086w\" sizes=\"(max-width: 1414px) 100vw, 1414px\" \/><\/a><\/p>\n","protected":false},"excerpt":{"rendered":"<p>Este \u00e9 o 17\u00ba dia da nossa prepara\u00e7\u00e3o para a Consagra\u00e7\u00e3o a Virgem Maria, e o prop\u00f3sito de hoje \u00e9 rezar o Angelus, mas de uma forma diferente: n\u00f3s vamos cant\u00e1-lo. Vamos cantar o Angelus?\u00a0Clique Aqui! Rezemos as Ora\u00e7\u00f5es desta&#8230;<\/p>\n","protected":false},"author":4340,"featured_media":18918,"comment_status":"closed","ping_status":"closed","sticky":false,"template":"","format":"standard","meta":{"_mi_skip_tracking":false,"_monsterinsights_sitenote_active":false,"_monsterinsights_sitenote_note":"","_monsterinsights_sitenote_category":0,"footnotes":""},"categories":[200710],"tags":[5011,289766,16619,8001,18235,289756],"_links":{"self":[{"href":"https:\/\/blog.cancaonova.com\/paisecatequistas\/wp-json\/wp\/v2\/posts\/18915"}],"collection":[{"href":"https:\/\/blog.cancaonova.com\/paisecatequistas\/wp-json\/wp\/v2\/posts"}],"about":[{"href":"https:\/\/blog.cancaonova.com\/paisecatequistas\/wp-json\/wp\/v2\/types\/post"}],"author":[{"embeddable":true,"href":"https:\/\/blog.cancaonova.com\/paisecatequistas\/wp-json\/wp\/v2\/users\/4340"}],"replies":[{"embeddable":true,"href":"https:\/\/blog.cancaonova.com\/paisecatequistas\/wp-json\/wp\/v2\/comments?post=18915"}],"version-history":[{"count":7,"href":"https:\/\/blog.cancaonova.com\/paisecatequistas\/wp-json\/wp\/v2\/posts\/18915\/revisions"}],"predecessor-version":[{"id":20353,"href":"https:\/\/blog.cancaonova.com\/paisecatequistas\/wp-json\/wp\/v2\/posts\/18915\/revisions\/20353"}],"wp:featuredmedia":[{"embeddable":true,"href":"https:\/\/blog.cancaonova.com\/paisecatequistas\/wp-json\/wp\/v2\/media\/18918"}],"wp:attachment":[{"href":"https:\/\/blog.cancaonova.com\/paisecatequistas\/wp-json\/wp\/v2\/media?parent=18915"}],"wp:term":[{"taxonomy":"category","embeddable":true,"href":"https:\/\/blog.cancaonova.com\/paisecatequistas\/wp-json\/wp\/v2\/categories?post=18915"},{"taxonomy":"post_tag","embeddable":true,"href":"https:\/\/blog.cancaonova.com\/paisecatequistas\/wp-json\/wp\/v2\/tags?post=18915"}],"curies":[{"name":"wp","href":"https:\/\/api.w.org\/{rel}","templated":true}]}}