{"id":18950,"date":"2025-05-12T16:20:51","date_gmt":"2025-05-12T18:20:51","guid":{"rendered":"https:\/\/blog.cancaonova.com\/paisecatequistas\/?p=18950"},"modified":"2025-10-16T16:51:40","modified_gmt":"2025-10-16T18:51:40","slug":"um-som-que-vem-ceu","status":"publish","type":"post","link":"https:\/\/blog.cancaonova.com\/paisecatequistas\/um-som-que-vem-ceu\/","title":{"rendered":"Um som que vem do C\u00e9u"},"content":{"rendered":"<p>Com Maria, aprendemos a cantar um C\u00e2ntico Novo em sintonia com Deus!<\/p>\n<p>Um canto que todos n\u00f3s podemos cantar, ou melhor, que todos n\u00f3s somos chamados a cantar e, assim, experimentar o C\u00e9u mais pertinho de n\u00f3s!<\/p>\n<p><iframe loading=\"lazy\" title=\"Pe Jonas Ensina | O C\u00c3\u00a2ntico Novo Cria C\u00c3\u00a9u em N\u00c3\u00b3s\" width=\"600\" height=\"338\" src=\"https:\/\/www.youtube.com\/embed\/ig4NnmsdsPM?feature=oembed&amp;rel=0\" frameborder=\"0\" allow=\"accelerometer; autoplay; clipboard-write; encrypted-media; gyroscope; picture-in-picture; web-share\" referrerpolicy=\"strict-origin-when-cross-origin\" allowfullscreen><\/iframe><\/p>\n","protected":false},"excerpt":{"rendered":"<p>Com Maria, aprendemos a cantar um C\u00e2ntico Novo em sintonia com Deus!<\/p>\n<p>Um Canto que todos podem cantar, ou melhor, que todos s\u00e3o chamados a cantar e experimentar o C\u00e9u mais pertinho de n\u00f3s! <a href=\"https:\/\/blog.cancaonova.com\/paisecatequistas\/um-som-que-vem-ceu\/\">Continue lendo <span class=\"meta-nav\">&rarr;<\/span><\/a><\/p>\n","protected":false},"author":4340,"featured_media":18951,"comment_status":"closed","ping_status":"closed","sticky":false,"template":"","format":"standard","meta":{"_mi_skip_tracking":false,"_monsterinsights_sitenote_active":false,"_monsterinsights_sitenote_note":"","_monsterinsights_sitenote_category":0,"footnotes":""},"categories":[200710],"tags":[5011,289766,16619,18235,8181],"_links":{"self":[{"href":"https:\/\/blog.cancaonova.com\/paisecatequistas\/wp-json\/wp\/v2\/posts\/18950"}],"collection":[{"href":"https:\/\/blog.cancaonova.com\/paisecatequistas\/wp-json\/wp\/v2\/posts"}],"about":[{"href":"https:\/\/blog.cancaonova.com\/paisecatequistas\/wp-json\/wp\/v2\/types\/post"}],"author":[{"embeddable":true,"href":"https:\/\/blog.cancaonova.com\/paisecatequistas\/wp-json\/wp\/v2\/users\/4340"}],"replies":[{"embeddable":true,"href":"https:\/\/blog.cancaonova.com\/paisecatequistas\/wp-json\/wp\/v2\/comments?post=18950"}],"version-history":[{"count":3,"href":"https:\/\/blog.cancaonova.com\/paisecatequistas\/wp-json\/wp\/v2\/posts\/18950\/revisions"}],"predecessor-version":[{"id":19742,"href":"https:\/\/blog.cancaonova.com\/paisecatequistas\/wp-json\/wp\/v2\/posts\/18950\/revisions\/19742"}],"wp:featuredmedia":[{"embeddable":true,"href":"https:\/\/blog.cancaonova.com\/paisecatequistas\/wp-json\/wp\/v2\/media\/18951"}],"wp:attachment":[{"href":"https:\/\/blog.cancaonova.com\/paisecatequistas\/wp-json\/wp\/v2\/media?parent=18950"}],"wp:term":[{"taxonomy":"category","embeddable":true,"href":"https:\/\/blog.cancaonova.com\/paisecatequistas\/wp-json\/wp\/v2\/categories?post=18950"},{"taxonomy":"post_tag","embeddable":true,"href":"https:\/\/blog.cancaonova.com\/paisecatequistas\/wp-json\/wp\/v2\/tags?post=18950"}],"curies":[{"name":"wp","href":"https:\/\/api.w.org\/{rel}","templated":true}]}}