{"id":18965,"date":"2025-05-27T11:00:08","date_gmt":"2025-05-27T13:00:08","guid":{"rendered":"https:\/\/blog.cancaonova.com\/paisecatequistas\/?p=18965"},"modified":"2025-05-13T15:30:54","modified_gmt":"2025-05-13T17:30:54","slug":"clipe-novo-para-celebrar-o-jubileu-das-criancas","status":"publish","type":"post","link":"https:\/\/blog.cancaonova.com\/paisecatequistas\/clipe-novo-para-celebrar-o-jubileu-das-criancas\/","title":{"rendered":"Celebrando o Jubileu das Crian\u00e7as"},"content":{"rendered":"<p>O Cantinho da Crian\u00e7a preparou um lindo clipe e a novidade \u00e9 que voc\u00ea pode aprender e cantar em portugu\u00eas, ingl\u00eas, italiano e espanhol!<\/p>\n<p>Afinal estamos no Ano Jubilar e \u00e9 bom e justo cantar e proclamar em todas a l\u00ednguas que <em>&#8220;N\u00f3s Amamos Ser Crian\u00e7a&#8221;.<\/em><\/p>\n<p><iframe loading=\"lazy\" title=\"Clipe: N\u00c3\u00b3s Amamos Ser Crian\u00c3\u00a7a\" width=\"600\" height=\"338\" src=\"https:\/\/www.youtube.com\/embed\/oceJHJg6SVU?feature=oembed&amp;rel=0\" frameborder=\"0\" allow=\"accelerometer; autoplay; clipboard-write; encrypted-media; gyroscope; picture-in-picture; web-share\" referrerpolicy=\"strict-origin-when-cross-origin\" allowfullscreen><\/iframe><\/p>\n<p>Letra:<\/p>\n<p><strong>N\u00f3s amamos ser crian\u00e7a<\/strong><\/p>\n<p><em>Hoje \u00e9 o nosso dia\u00a0<\/em><\/p>\n<p><em>Dia de comemorar\u00a0<\/em><\/p>\n<p><em>Dia de se alegrar<\/em><\/p>\n<p><em>Porque hoje \u00e9 o nosso dia<\/em><\/p>\n<p><em>Desde o amanhecer<\/em><\/p>\n<p><em>\u00c9 dia de agradecer<\/em><\/p>\n<p><strong><em>N\u00f3s amamos ser crian\u00e7as<\/em><\/strong><\/p>\n<p><em>Ir a missa e rezar\u00a0<\/em><\/p>\n<p><em>Agradecer por quem eu sou<\/em><\/p>\n<p><em>E dizer pros meus amigos que\u00a0<\/em><\/p>\n<p><em>Ser de Jesus \u00e9 muito bom<\/em><\/p>\n<p><em>E ser crian\u00e7a \u00e9 muito bom<\/em><\/p>\n<p><strong><em>N\u00f3s amamos ser crian\u00e7as<\/em><\/strong><\/p>\n<p>&nbsp;<\/p>\n","protected":false},"excerpt":{"rendered":"<p>O Cantinho da Crian\u00e7a preparou um lindo clipe e a novidade \u00e9 que voc\u00ea pode aprender e cantar em portugu\u00eas, ingl\u00eas, italiano e espanhol! Afinal estamos no Ano Jubilar e \u00e9 bom e justo cantar e proclamar em todas a&#8230;<\/p>\n","protected":false},"author":4340,"featured_media":18966,"comment_status":"closed","ping_status":"closed","sticky":false,"template":"","format":"standard","meta":{"_mi_skip_tracking":false,"_monsterinsights_sitenote_active":false,"_monsterinsights_sitenote_note":"","_monsterinsights_sitenote_category":0,"footnotes":""},"categories":[200710],"tags":[5011,16619,8001,10251,289767,70,201095],"_links":{"self":[{"href":"https:\/\/blog.cancaonova.com\/paisecatequistas\/wp-json\/wp\/v2\/posts\/18965"}],"collection":[{"href":"https:\/\/blog.cancaonova.com\/paisecatequistas\/wp-json\/wp\/v2\/posts"}],"about":[{"href":"https:\/\/blog.cancaonova.com\/paisecatequistas\/wp-json\/wp\/v2\/types\/post"}],"author":[{"embeddable":true,"href":"https:\/\/blog.cancaonova.com\/paisecatequistas\/wp-json\/wp\/v2\/users\/4340"}],"replies":[{"embeddable":true,"href":"https:\/\/blog.cancaonova.com\/paisecatequistas\/wp-json\/wp\/v2\/comments?post=18965"}],"version-history":[{"count":3,"href":"https:\/\/blog.cancaonova.com\/paisecatequistas\/wp-json\/wp\/v2\/posts\/18965\/revisions"}],"predecessor-version":[{"id":18969,"href":"https:\/\/blog.cancaonova.com\/paisecatequistas\/wp-json\/wp\/v2\/posts\/18965\/revisions\/18969"}],"wp:featuredmedia":[{"embeddable":true,"href":"https:\/\/blog.cancaonova.com\/paisecatequistas\/wp-json\/wp\/v2\/media\/18966"}],"wp:attachment":[{"href":"https:\/\/blog.cancaonova.com\/paisecatequistas\/wp-json\/wp\/v2\/media?parent=18965"}],"wp:term":[{"taxonomy":"category","embeddable":true,"href":"https:\/\/blog.cancaonova.com\/paisecatequistas\/wp-json\/wp\/v2\/categories?post=18965"},{"taxonomy":"post_tag","embeddable":true,"href":"https:\/\/blog.cancaonova.com\/paisecatequistas\/wp-json\/wp\/v2\/tags?post=18965"}],"curies":[{"name":"wp","href":"https:\/\/api.w.org\/{rel}","templated":true}]}}