{"id":18973,"date":"2025-05-29T11:00:11","date_gmt":"2025-05-29T13:00:11","guid":{"rendered":"https:\/\/blog.cancaonova.com\/paisecatequistas\/?p=18973"},"modified":"2025-05-13T16:03:00","modified_gmt":"2025-05-13T18:03:00","slug":"celebrando-o-jubileu-das-criancas-em-italiano","status":"publish","type":"post","link":"https:\/\/blog.cancaonova.com\/paisecatequistas\/celebrando-o-jubileu-das-criancas-em-italiano\/","title":{"rendered":"Celebrando o Jubileu das Crian\u00e7as em Italiano"},"content":{"rendered":"<p>O Cantinho da Crian\u00e7a preparou um lindo clipe e a novidade \u00e9 que voc\u00ea pode aprender e cantar em portugu\u00eas, ingl\u00eas, italiano e espanhol!<\/p>\n<p>Afinal estamos no Ano Jubilar e \u00e9 bom e justo cantar e proclamar em todas a l\u00ednguas que <em>&#8220;N\u00f3s Amamos Ser Crian\u00e7a&#8221;.<\/em><\/p>\n<p><iframe loading=\"lazy\" title=\"Clipe: Amiamo Essere Bambini\" width=\"600\" height=\"338\" src=\"https:\/\/www.youtube.com\/embed\/_p9dJp8B7Is?feature=oembed&amp;rel=0\" frameborder=\"0\" allow=\"accelerometer; autoplay; clipboard-write; encrypted-media; gyroscope; picture-in-picture; web-share\" referrerpolicy=\"strict-origin-when-cross-origin\" allowfullscreen><\/iframe><\/p>\n<p>letra<\/p>\n<p><b>Amiamo essere bambini<\/b><\/p>\n<p><em><span style=\"font-weight: 400\">Giornata di festa<\/span><\/em><\/p>\n<p><em><span style=\"font-weight: 400\">Giornata della gioia<\/span><\/em><\/p>\n<p>&nbsp;<\/p>\n<p><em><span style=\"font-weight: 400\">Perch\u00e9 oggi \u00e8 nostra giornata<\/span><\/em><\/p>\n<p><em><span style=\"font-weight: 400\">Dall&#8217;alba<\/span><\/em><\/p>\n<p><em><span style=\"font-weight: 400\">Giornata per ringraziare<\/span><\/em><\/p>\n<p>&nbsp;<\/p>\n<p><em><strong>Amiamo essere bambini<\/strong><\/em><\/p>\n<p>&nbsp;<\/p>\n<p><em><span style=\"font-weight: 400\">Vai a messa e prega<\/span><\/em><\/p>\n<p><em><span style=\"font-weight: 400\">Grazie per chi sono<\/span><\/em><\/p>\n<p><em><span style=\"font-weight: 400\">E dire a tutti ai miei amici che<\/span><\/em><\/p>\n<p><em><span style=\"font-weight: 400\">Essere di Ges\u00f9 \u00e8 molto buono<\/span><\/em><\/p>\n<p><em><span style=\"font-weight: 400\">Essere un bambino \u00e8 molto buono<\/span><\/em><\/p>\n<p>&nbsp;<\/p>\n<p><em><strong>Amiamo essere bambini<\/strong><\/em><\/p>\n","protected":false},"excerpt":{"rendered":"<p>O Cantinho da Crian\u00e7a preparou um lindo clipe e a novidade \u00e9 que voc\u00ea pode aprender e cantar em portugu\u00eas, ingl\u00eas, italiano e espanhol!<\/p>\n<p>Afinal estamos no Ano Jubilar e \u00e9 bom e justo cantar e proclamar em todas a l\u00ednguas que &#8220;N\u00f3s Amamos Ser Crian\u00e7a&#8221;. <a href=\"https:\/\/blog.cancaonova.com\/paisecatequistas\/celebrando-o-jubileu-das-criancas-em-italiano\/\">Continue lendo <span class=\"meta-nav\">&rarr;<\/span><\/a><\/p>\n","protected":false},"author":4340,"featured_media":18974,"comment_status":"closed","ping_status":"closed","sticky":false,"template":"","format":"standard","meta":{"_mi_skip_tracking":false,"_monsterinsights_sitenote_active":false,"_monsterinsights_sitenote_note":"","_monsterinsights_sitenote_category":0,"footnotes":""},"categories":[200710],"tags":[6351,16619,25768,8001,24554,289767],"_links":{"self":[{"href":"https:\/\/blog.cancaonova.com\/paisecatequistas\/wp-json\/wp\/v2\/posts\/18973"}],"collection":[{"href":"https:\/\/blog.cancaonova.com\/paisecatequistas\/wp-json\/wp\/v2\/posts"}],"about":[{"href":"https:\/\/blog.cancaonova.com\/paisecatequistas\/wp-json\/wp\/v2\/types\/post"}],"author":[{"embeddable":true,"href":"https:\/\/blog.cancaonova.com\/paisecatequistas\/wp-json\/wp\/v2\/users\/4340"}],"replies":[{"embeddable":true,"href":"https:\/\/blog.cancaonova.com\/paisecatequistas\/wp-json\/wp\/v2\/comments?post=18973"}],"version-history":[{"count":2,"href":"https:\/\/blog.cancaonova.com\/paisecatequistas\/wp-json\/wp\/v2\/posts\/18973\/revisions"}],"predecessor-version":[{"id":18976,"href":"https:\/\/blog.cancaonova.com\/paisecatequistas\/wp-json\/wp\/v2\/posts\/18973\/revisions\/18976"}],"wp:featuredmedia":[{"embeddable":true,"href":"https:\/\/blog.cancaonova.com\/paisecatequistas\/wp-json\/wp\/v2\/media\/18974"}],"wp:attachment":[{"href":"https:\/\/blog.cancaonova.com\/paisecatequistas\/wp-json\/wp\/v2\/media?parent=18973"}],"wp:term":[{"taxonomy":"category","embeddable":true,"href":"https:\/\/blog.cancaonova.com\/paisecatequistas\/wp-json\/wp\/v2\/categories?post=18973"},{"taxonomy":"post_tag","embeddable":true,"href":"https:\/\/blog.cancaonova.com\/paisecatequistas\/wp-json\/wp\/v2\/tags?post=18973"}],"curies":[{"name":"wp","href":"https:\/\/api.w.org\/{rel}","templated":true}]}}