{"id":18977,"date":"2025-05-30T11:00:13","date_gmt":"2025-05-30T13:00:13","guid":{"rendered":"https:\/\/blog.cancaonova.com\/paisecatequistas\/?p=18977"},"modified":"2025-05-13T16:08:38","modified_gmt":"2025-05-13T18:08:38","slug":"celebrando-o-jubileu-das-criancas-em-espanhol","status":"publish","type":"post","link":"https:\/\/blog.cancaonova.com\/paisecatequistas\/celebrando-o-jubileu-das-criancas-em-espanhol\/","title":{"rendered":"Celebrando o Jubileu das Crian\u00e7as em Espanhol"},"content":{"rendered":"<p>O Cantinho da Crian\u00e7a preparou um lindo clipe e a novidade \u00e9 que voc\u00ea pode aprender e cantar em portugu\u00eas, ingl\u00eas, italiano e espanhol!<\/p>\n<p>Afinal estamos no Ano Jubilar e \u00e9 bom e justo cantar e proclamar em todas a l\u00ednguas que <em>&#8220;N\u00f3s Amamos Ser Crian\u00e7a&#8221;.<\/em><\/p>\n<p><iframe loading=\"lazy\" title=\"Clipe:  Amamos Ser Ni\u00c3\u00b1os\" width=\"600\" height=\"338\" src=\"https:\/\/www.youtube.com\/embed\/50pGcub9SAc?feature=oembed&amp;rel=0\" frameborder=\"0\" allow=\"accelerometer; autoplay; clipboard-write; encrypted-media; gyroscope; picture-in-picture; web-share\" referrerpolicy=\"strict-origin-when-cross-origin\" allowfullscreen><\/iframe><\/p>\n<p>Letra:<\/p>\n<p><b>Amamos ser ni\u00f1os<\/b><\/p>\n<p><i><span style=\"font-weight: 400\">Hoy es nuestro d\u00eda<\/span><\/i><\/p>\n<p><i><span style=\"font-weight: 400\">D\u00eda de comemorar<\/span><\/i><\/p>\n<p><i><span style=\"font-weight: 400\">D\u00eda de estar feliz<\/span><\/i><\/p>\n<p><i><span style=\"font-weight: 400\">Porque hoy es nuestro d\u00eda<\/span><\/i><\/p>\n<p><i><span style=\"font-weight: 400\">Desde el amanecer<\/span><\/i><\/p>\n<p><i><span style=\"font-weight: 400\">Es d\u00eda de agradecer<\/span><\/i><\/p>\n<p><b><i>Amamos ser ni\u00f1os<\/i><\/b><\/p>\n<p><i><span style=\"font-weight: 400\">Ir a misa y rezar<\/span><\/i><\/p>\n<p><i><span style=\"font-weight: 400\">Agradecer por quien yo soy<\/span><\/i><\/p>\n<p><i><span style=\"font-weight: 400\">Y decir para mis amigos que<\/span><\/i><\/p>\n<p><i><span style=\"font-weight: 400\">Ser de Jes\u00fas es muy genial<\/span><\/i><\/p>\n<p><i><span style=\"font-weight: 400\">Y ser un ni\u00f1o es muy genial<\/span><\/i><\/p>\n<p><i><span style=\"font-weight: 400\">Ser de Jes\u00fas es muy genial<\/span><\/i><\/p>\n<p><i><span style=\"font-weight: 400\">Y ser un ni\u00f1o es muy genial<\/span><\/i><\/p>\n<p><b><i>Amamos ser ni\u00f1os<\/i><\/b><\/p>\n","protected":false},"excerpt":{"rendered":"<p>O Cantinho da Crian\u00e7a preparou um lindo clipe e a novidade \u00e9 que voc\u00ea pode aprender e cantar em portugu\u00eas, ingl\u00eas, italiano e espanhol! <a href=\"https:\/\/blog.cancaonova.com\/paisecatequistas\/celebrando-o-jubileu-das-criancas-em-espanhol\/\">Continue lendo <span class=\"meta-nav\">&rarr;<\/span><\/a><\/p>\n","protected":false},"author":4340,"featured_media":18978,"comment_status":"closed","ping_status":"closed","sticky":false,"template":"","format":"standard","meta":{"_mi_skip_tracking":false,"_monsterinsights_sitenote_active":false,"_monsterinsights_sitenote_note":"","_monsterinsights_sitenote_category":0,"footnotes":""},"categories":[200710],"tags":[],"_links":{"self":[{"href":"https:\/\/blog.cancaonova.com\/paisecatequistas\/wp-json\/wp\/v2\/posts\/18977"}],"collection":[{"href":"https:\/\/blog.cancaonova.com\/paisecatequistas\/wp-json\/wp\/v2\/posts"}],"about":[{"href":"https:\/\/blog.cancaonova.com\/paisecatequistas\/wp-json\/wp\/v2\/types\/post"}],"author":[{"embeddable":true,"href":"https:\/\/blog.cancaonova.com\/paisecatequistas\/wp-json\/wp\/v2\/users\/4340"}],"replies":[{"embeddable":true,"href":"https:\/\/blog.cancaonova.com\/paisecatequistas\/wp-json\/wp\/v2\/comments?post=18977"}],"version-history":[{"count":2,"href":"https:\/\/blog.cancaonova.com\/paisecatequistas\/wp-json\/wp\/v2\/posts\/18977\/revisions"}],"predecessor-version":[{"id":19334,"href":"https:\/\/blog.cancaonova.com\/paisecatequistas\/wp-json\/wp\/v2\/posts\/18977\/revisions\/19334"}],"wp:featuredmedia":[{"embeddable":true,"href":"https:\/\/blog.cancaonova.com\/paisecatequistas\/wp-json\/wp\/v2\/media\/18978"}],"wp:attachment":[{"href":"https:\/\/blog.cancaonova.com\/paisecatequistas\/wp-json\/wp\/v2\/media?parent=18977"}],"wp:term":[{"taxonomy":"category","embeddable":true,"href":"https:\/\/blog.cancaonova.com\/paisecatequistas\/wp-json\/wp\/v2\/categories?post=18977"},{"taxonomy":"post_tag","embeddable":true,"href":"https:\/\/blog.cancaonova.com\/paisecatequistas\/wp-json\/wp\/v2\/tags?post=18977"}],"curies":[{"name":"wp","href":"https:\/\/api.w.org\/{rel}","templated":true}]}}