{"id":19001,"date":"2025-05-18T11:29:37","date_gmt":"2025-05-18T13:29:37","guid":{"rendered":"https:\/\/blog.cancaonova.com\/paisecatequistas\/?p=19001"},"modified":"2025-05-18T11:34:20","modified_gmt":"2025-05-18T13:34:20","slug":"30-dias-com-maria-nos-restam-cindo-dias","status":"publish","type":"post","link":"https:\/\/blog.cancaonova.com\/paisecatequistas\/30-dias-com-maria-nos-restam-cindo-dias\/","title":{"rendered":"30 dias com Maria: S\u00f3 nos restam cinco dias!"},"content":{"rendered":"<p>Estamos no 25\u00ba dia em prepara\u00e7\u00e3o para a Consagra\u00e7\u00e3o a Sant\u00edssima Virgem Maria segundo o m\u00e9todo de S\u00e3o Lu\u00eds Maria Grignion de Montfort.<\/p>\n<p>As ora\u00e7\u00f5es de hoje s\u00e3o:<\/p>\n<p>\u2022 Ladainha do Esp\u00edrito Santo<br \/>\n\u2022 Ave Maris Stella<br \/>\n\u2022 1 Ter\u00e7o<\/p>\n<p>O Prop\u00f3sito de hoje eu te conto no v\u00eddeo.<\/p>\n<p><iframe loading=\"lazy\" title=\"25\u00c2\u00ba dia I Prepara\u00c3\u00a7\u00c3\u00a3o para a Consagra\u00c3\u00a7\u00c3\u00a3o \u00c3\u00a0 Sant\u00c3\u00adssima Virgem para Crian\u00c3\u00a7as\" width=\"600\" height=\"338\" src=\"https:\/\/www.youtube.com\/embed\/uCWyIjkbNpA?feature=oembed&amp;rel=0\" frameborder=\"0\" allow=\"accelerometer; autoplay; clipboard-write; encrypted-media; gyroscope; picture-in-picture; web-share\" referrerpolicy=\"strict-origin-when-cross-origin\" allowfullscreen><\/iframe><\/p>\n<p>Rezemos:<\/p>\n<p><a href=\"https:\/\/drive.google.com\/file\/d\/13wxSrVJ0fsFGBJirgBtbpOCAZ3_6ABEw\/view\"><img loading=\"lazy\" decoding=\"async\" class=\"\" src=\"https:\/\/img.cancaonova.com\/cnimages\/especiais\/uploads\/sites\/10\/2025\/04\/BANNER-SITE-consagracao.jpg\" width=\"612\" height=\"459\" \/><\/a><\/p>\n<p><a href=\"https:\/\/drive.google.com\/file\/d\/13wxSrVJ0fsFGBJirgBtbpOCAZ3_6ABEw\/view\"><img loading=\"lazy\" decoding=\"async\" class=\"alignright size-full wp-image-18889\" src=\"http:\/\/blog.cancaonova.com\/paisecatequistas\/files\/2025\/05\/11.jpg\" alt=\"\" width=\"1414\" height=\"2000\" srcset=\"https:\/\/blog.cancaonova.com\/paisecatequistas\/files\/2025\/05\/11.jpg 1414w, https:\/\/blog.cancaonova.com\/paisecatequistas\/files\/2025\/05\/11-212x300.jpg 212w, https:\/\/blog.cancaonova.com\/paisecatequistas\/files\/2025\/05\/11-768x1086.jpg 768w, https:\/\/blog.cancaonova.com\/paisecatequistas\/files\/2025\/05\/11-1086x1536.jpg 1086w\" sizes=\"(max-width: 1414px) 100vw, 1414px\" \/><\/a> <a href=\"http:\/\/blog.cancaonova.com\/paisecatequistas\/files\/2025\/05\/2.jpg\"><img loading=\"lazy\" decoding=\"async\" class=\"alignright size-full wp-image-18890\" src=\"http:\/\/blog.cancaonova.com\/paisecatequistas\/files\/2025\/05\/2.jpg\" alt=\"\" width=\"1414\" height=\"2000\" srcset=\"https:\/\/blog.cancaonova.com\/paisecatequistas\/files\/2025\/05\/2.jpg 1414w, https:\/\/blog.cancaonova.com\/paisecatequistas\/files\/2025\/05\/2-212x300.jpg 212w, https:\/\/blog.cancaonova.com\/paisecatequistas\/files\/2025\/05\/2-768x1086.jpg 768w, https:\/\/blog.cancaonova.com\/paisecatequistas\/files\/2025\/05\/2-1086x1536.jpg 1086w\" sizes=\"(max-width: 1414px) 100vw, 1414px\" \/><\/a> <a href=\"http:\/\/blog.cancaonova.com\/paisecatequistas\/files\/2025\/05\/3.jpg\"><img loading=\"lazy\" decoding=\"async\" class=\"alignright size-full wp-image-18891\" src=\"http:\/\/blog.cancaonova.com\/paisecatequistas\/files\/2025\/05\/3.jpg\" alt=\"\" width=\"1414\" height=\"2000\" srcset=\"https:\/\/blog.cancaonova.com\/paisecatequistas\/files\/2025\/05\/3.jpg 1414w, https:\/\/blog.cancaonova.com\/paisecatequistas\/files\/2025\/05\/3-212x300.jpg 212w, https:\/\/blog.cancaonova.com\/paisecatequistas\/files\/2025\/05\/3-768x1086.jpg 768w, https:\/\/blog.cancaonova.com\/paisecatequistas\/files\/2025\/05\/3-1086x1536.jpg 1086w\" sizes=\"(max-width: 1414px) 100vw, 1414px\" \/><\/a> <a href=\"http:\/\/blog.cancaonova.com\/paisecatequistas\/files\/2025\/05\/4.jpg\"><img loading=\"lazy\" decoding=\"async\" class=\"alignright size-full wp-image-18892\" src=\"http:\/\/blog.cancaonova.com\/paisecatequistas\/files\/2025\/05\/4.jpg\" alt=\"\" width=\"1414\" height=\"2000\" srcset=\"https:\/\/blog.cancaonova.com\/paisecatequistas\/files\/2025\/05\/4.jpg 1414w, https:\/\/blog.cancaonova.com\/paisecatequistas\/files\/2025\/05\/4-212x300.jpg 212w, https:\/\/blog.cancaonova.com\/paisecatequistas\/files\/2025\/05\/4-768x1086.jpg 768w, https:\/\/blog.cancaonova.com\/paisecatequistas\/files\/2025\/05\/4-1086x1536.jpg 1086w\" sizes=\"(max-width: 1414px) 100vw, 1414px\" \/><\/a><\/p>\n","protected":false},"excerpt":{"rendered":"<p>Estamos no 25\u00ba dia em prepara\u00e7\u00e3o para a Consagra\u00e7\u00e3o a Sant\u00edssima Virgem Maria segundo o m\u00e9todo de S\u00e3o Lu\u00eds Maria Grignion de Montfort. As ora\u00e7\u00f5es de hoje s\u00e3o: \u2022 Ladainha do Esp\u00edrito Santo \u2022 Ave Maris Stella \u2022 1 Ter\u00e7o&#8230;<\/p>\n","protected":false},"author":4340,"featured_media":19002,"comment_status":"closed","ping_status":"closed","sticky":false,"template":"","format":"standard","meta":{"_mi_skip_tracking":false,"_monsterinsights_sitenote_active":false,"_monsterinsights_sitenote_note":"","_monsterinsights_sitenote_category":0,"footnotes":""},"categories":[200710],"tags":[],"_links":{"self":[{"href":"https:\/\/blog.cancaonova.com\/paisecatequistas\/wp-json\/wp\/v2\/posts\/19001"}],"collection":[{"href":"https:\/\/blog.cancaonova.com\/paisecatequistas\/wp-json\/wp\/v2\/posts"}],"about":[{"href":"https:\/\/blog.cancaonova.com\/paisecatequistas\/wp-json\/wp\/v2\/types\/post"}],"author":[{"embeddable":true,"href":"https:\/\/blog.cancaonova.com\/paisecatequistas\/wp-json\/wp\/v2\/users\/4340"}],"replies":[{"embeddable":true,"href":"https:\/\/blog.cancaonova.com\/paisecatequistas\/wp-json\/wp\/v2\/comments?post=19001"}],"version-history":[{"count":3,"href":"https:\/\/blog.cancaonova.com\/paisecatequistas\/wp-json\/wp\/v2\/posts\/19001\/revisions"}],"predecessor-version":[{"id":19005,"href":"https:\/\/blog.cancaonova.com\/paisecatequistas\/wp-json\/wp\/v2\/posts\/19001\/revisions\/19005"}],"wp:featuredmedia":[{"embeddable":true,"href":"https:\/\/blog.cancaonova.com\/paisecatequistas\/wp-json\/wp\/v2\/media\/19002"}],"wp:attachment":[{"href":"https:\/\/blog.cancaonova.com\/paisecatequistas\/wp-json\/wp\/v2\/media?parent=19001"}],"wp:term":[{"taxonomy":"category","embeddable":true,"href":"https:\/\/blog.cancaonova.com\/paisecatequistas\/wp-json\/wp\/v2\/categories?post=19001"},{"taxonomy":"post_tag","embeddable":true,"href":"https:\/\/blog.cancaonova.com\/paisecatequistas\/wp-json\/wp\/v2\/tags?post=19001"}],"curies":[{"name":"wp","href":"https:\/\/api.w.org\/{rel}","templated":true}]}}