{"id":19009,"date":"2025-05-20T08:53:47","date_gmt":"2025-05-20T10:53:47","guid":{"rendered":"https:\/\/blog.cancaonova.com\/paisecatequistas\/?p=19009"},"modified":"2025-05-20T13:25:31","modified_gmt":"2025-05-20T15:25:31","slug":"30-dias-com-maria-2","status":"publish","type":"post","link":"https:\/\/blog.cancaonova.com\/paisecatequistas\/30-dias-com-maria-2\/","title":{"rendered":"30 dias com Maria: Conhecer e Amar Jesus"},"content":{"rendered":"<p>Estamos no<strong> 27\u00ba<\/strong> dia da nossa prepara\u00e7\u00e3o para a Consagra\u00e7\u00e3o a Sant\u00edssima Virgem Maria. Faltam s\u00f3 3 dias para vivermos um compromisso de amor e muitas gra\u00e7as.<\/p>\n<p>Nesta semana, as ora\u00e7\u00f5es aumentam, pois viveremos um tempo forte no conhecimento de Jesus Cristo.<\/p>\n<p>Preparados para rezarmos juntos as ora\u00e7\u00f5es di\u00e1rias?<\/p>\n<ul>\n<li>\u00a0Ladainha do Esp\u00edrito Santo<\/li>\n<li>Ave Maris Stella<\/li>\n<li>Ora\u00e7\u00e3o de Santo Agostinho<\/li>\n<li>Ladainha do Sant\u00edssimo Nome de Jesus<\/li>\n<li>Ladainha do Sagrado Cora\u00e7\u00e3o de Jesus<\/li>\n<\/ul>\n<p>O Prop\u00f3sito de hoje eu te conto no v\u00eddeo.<\/p>\n<p><iframe loading=\"lazy\" title=\"27\u00c2\u00ba dia I Prepara\u00c3\u00a7\u00c3\u00a3o para a Consagra\u00c3\u00a7\u00c3\u00a3o \u00c3\u00a0 Sant\u00c3\u00adssima Virgem para Crian\u00c3\u00a7as\" width=\"600\" height=\"338\" src=\"https:\/\/www.youtube.com\/embed\/3z5Uw5GmVNo?feature=oembed&amp;rel=0\" frameborder=\"0\" allow=\"accelerometer; autoplay; clipboard-write; encrypted-media; gyroscope; picture-in-picture; web-share\" referrerpolicy=\"strict-origin-when-cross-origin\" allowfullscreen><\/iframe><\/p>\n<p>Rezemos:<\/p>\n<p><a href=\"https:\/\/drive.google.com\/file\/d\/1aBDEwQzjcIUffetGGumeRQWpAum2EJ9h\/view\"><img decoding=\"async\" src=\"https:\/\/img.cancaonova.com\/cnimages\/especiais\/uploads\/sites\/10\/2025\/04\/3semana.jpg\" \/><\/a><\/p>\n<p><a href=\"https:\/\/drive.google.com\/file\/d\/13wxSrVJ0fsFGBJirgBtbpOCAZ3_6ABEw\/view\"><img loading=\"lazy\" decoding=\"async\" class=\"alignright size-full wp-image-18889\" src=\"http:\/\/blog.cancaonova.com\/paisecatequistas\/files\/2025\/05\/11.jpg\" alt=\"\" width=\"1414\" height=\"2000\" srcset=\"https:\/\/blog.cancaonova.com\/paisecatequistas\/files\/2025\/05\/11.jpg 1414w, https:\/\/blog.cancaonova.com\/paisecatequistas\/files\/2025\/05\/11-212x300.jpg 212w, https:\/\/blog.cancaonova.com\/paisecatequistas\/files\/2025\/05\/11-768x1086.jpg 768w, https:\/\/blog.cancaonova.com\/paisecatequistas\/files\/2025\/05\/11-1086x1536.jpg 1086w\" sizes=\"(max-width: 1414px) 100vw, 1414px\" \/><\/a> <a href=\"http:\/\/blog.cancaonova.com\/paisecatequistas\/files\/2025\/05\/2.jpg\"><img loading=\"lazy\" decoding=\"async\" class=\"alignright size-full wp-image-18890\" src=\"http:\/\/blog.cancaonova.com\/paisecatequistas\/files\/2025\/05\/2.jpg\" alt=\"\" width=\"1414\" height=\"2000\" srcset=\"https:\/\/blog.cancaonova.com\/paisecatequistas\/files\/2025\/05\/2.jpg 1414w, https:\/\/blog.cancaonova.com\/paisecatequistas\/files\/2025\/05\/2-212x300.jpg 212w, https:\/\/blog.cancaonova.com\/paisecatequistas\/files\/2025\/05\/2-768x1086.jpg 768w, https:\/\/blog.cancaonova.com\/paisecatequistas\/files\/2025\/05\/2-1086x1536.jpg 1086w\" sizes=\"(max-width: 1414px) 100vw, 1414px\" \/><\/a> <a href=\"http:\/\/blog.cancaonova.com\/paisecatequistas\/files\/2025\/05\/3.jpg\"><img loading=\"lazy\" decoding=\"async\" class=\"alignright size-full wp-image-18891\" src=\"http:\/\/blog.cancaonova.com\/paisecatequistas\/files\/2025\/05\/3.jpg\" alt=\"\" width=\"1414\" height=\"2000\" srcset=\"https:\/\/blog.cancaonova.com\/paisecatequistas\/files\/2025\/05\/3.jpg 1414w, https:\/\/blog.cancaonova.com\/paisecatequistas\/files\/2025\/05\/3-212x300.jpg 212w, https:\/\/blog.cancaonova.com\/paisecatequistas\/files\/2025\/05\/3-768x1086.jpg 768w, https:\/\/blog.cancaonova.com\/paisecatequistas\/files\/2025\/05\/3-1086x1536.jpg 1086w\" sizes=\"(max-width: 1414px) 100vw, 1414px\" \/><\/a> <a href=\"http:\/\/blog.cancaonova.com\/paisecatequistas\/files\/2025\/05\/4.jpg\"><img loading=\"lazy\" decoding=\"async\" class=\"alignright size-full wp-image-18892\" src=\"http:\/\/blog.cancaonova.com\/paisecatequistas\/files\/2025\/05\/4.jpg\" alt=\"\" width=\"1414\" height=\"2000\" srcset=\"https:\/\/blog.cancaonova.com\/paisecatequistas\/files\/2025\/05\/4.jpg 1414w, https:\/\/blog.cancaonova.com\/paisecatequistas\/files\/2025\/05\/4-212x300.jpg 212w, https:\/\/blog.cancaonova.com\/paisecatequistas\/files\/2025\/05\/4-768x1086.jpg 768w, https:\/\/blog.cancaonova.com\/paisecatequistas\/files\/2025\/05\/4-1086x1536.jpg 1086w\" sizes=\"(max-width: 1414px) 100vw, 1414px\" \/><\/a><\/p>\n","protected":false},"excerpt":{"rendered":"<p>Estamos no 27\u00ba dia da nossa prepara\u00e7\u00e3o para a Consagra\u00e7\u00e3o a Sant\u00edssima Virgem Maria. Faltam s\u00f3 3 dias para vivermos um compromisso de amor e muitas gra\u00e7as.\u00a0<\/p>\n<p>Nesta semana as ora\u00e7\u00f5es aumentam, pois viveremos um tempo forte no conhecimento de Jesus Cristo.<\/p>\n<p>Preparados para rezarmos juntos as ora\u00e7\u00f5es di\u00e1rias. <a href=\"https:\/\/blog.cancaonova.com\/paisecatequistas\/30-dias-com-maria-2\/\">Continue lendo <span class=\"meta-nav\">&rarr;<\/span><\/a><\/p>\n","protected":false},"author":4340,"featured_media":19010,"comment_status":"closed","ping_status":"closed","sticky":false,"template":"","format":"standard","meta":{"_mi_skip_tracking":false,"_monsterinsights_sitenote_active":false,"_monsterinsights_sitenote_note":"","_monsterinsights_sitenote_category":0,"footnotes":""},"categories":[200710],"tags":[],"_links":{"self":[{"href":"https:\/\/blog.cancaonova.com\/paisecatequistas\/wp-json\/wp\/v2\/posts\/19009"}],"collection":[{"href":"https:\/\/blog.cancaonova.com\/paisecatequistas\/wp-json\/wp\/v2\/posts"}],"about":[{"href":"https:\/\/blog.cancaonova.com\/paisecatequistas\/wp-json\/wp\/v2\/types\/post"}],"author":[{"embeddable":true,"href":"https:\/\/blog.cancaonova.com\/paisecatequistas\/wp-json\/wp\/v2\/users\/4340"}],"replies":[{"embeddable":true,"href":"https:\/\/blog.cancaonova.com\/paisecatequistas\/wp-json\/wp\/v2\/comments?post=19009"}],"version-history":[{"count":8,"href":"https:\/\/blog.cancaonova.com\/paisecatequistas\/wp-json\/wp\/v2\/posts\/19009\/revisions"}],"predecessor-version":[{"id":19021,"href":"https:\/\/blog.cancaonova.com\/paisecatequistas\/wp-json\/wp\/v2\/posts\/19009\/revisions\/19021"}],"wp:featuredmedia":[{"embeddable":true,"href":"https:\/\/blog.cancaonova.com\/paisecatequistas\/wp-json\/wp\/v2\/media\/19010"}],"wp:attachment":[{"href":"https:\/\/blog.cancaonova.com\/paisecatequistas\/wp-json\/wp\/v2\/media?parent=19009"}],"wp:term":[{"taxonomy":"category","embeddable":true,"href":"https:\/\/blog.cancaonova.com\/paisecatequistas\/wp-json\/wp\/v2\/categories?post=19009"},{"taxonomy":"post_tag","embeddable":true,"href":"https:\/\/blog.cancaonova.com\/paisecatequistas\/wp-json\/wp\/v2\/tags?post=19009"}],"curies":[{"name":"wp","href":"https:\/\/api.w.org\/{rel}","templated":true}]}}