{"id":19043,"date":"2025-05-23T17:05:44","date_gmt":"2025-05-23T19:05:44","guid":{"rendered":"https:\/\/blog.cancaonova.com\/paisecatequistas\/?p=19043"},"modified":"2025-05-26T09:09:26","modified_gmt":"2025-05-26T11:09:26","slug":"o-grande-dia-chegou","status":"publish","type":"post","link":"https:\/\/blog.cancaonova.com\/paisecatequistas\/o-grande-dia-chegou\/","title":{"rendered":"O Grande Dia Chegou! \"Totus Tuus  Maria\""},"content":{"rendered":"<p>Vamos rezar juntos o Ato de Consagra\u00e7\u00e3o a Sant\u00edssima Virgem Maria?<br data-start=\"88\" data-end=\"91\" \/>Clique na imagem para imprimir e acompanhar a ora\u00e7\u00e3o que a Sarah ir\u00e1 rezar no v\u00eddeo a seguir.<\/p>\n<p><a href=\"https:\/\/img.cancaonova.com\/cnimages\/especiais\/uploads\/sites\/10\/2025\/05\/Ato-de-Consagracao.pdf\"><img loading=\"lazy\" decoding=\"async\" class=\"wp-image-19044 alignnone\" src=\"http:\/\/blog.cancaonova.com\/paisecatequistas\/files\/2025\/05\/Arte-site-1536x864-1.png\" alt=\"\" width=\"617\" height=\"347\" srcset=\"https:\/\/blog.cancaonova.com\/paisecatequistas\/files\/2025\/05\/Arte-site-1536x864-1.png 1536w, https:\/\/blog.cancaonova.com\/paisecatequistas\/files\/2025\/05\/Arte-site-1536x864-1-300x169.png 300w, https:\/\/blog.cancaonova.com\/paisecatequistas\/files\/2025\/05\/Arte-site-1536x864-1-768x432.png 768w, https:\/\/blog.cancaonova.com\/paisecatequistas\/files\/2025\/05\/Arte-site-1536x864-1-384x216.png 384w, https:\/\/blog.cancaonova.com\/paisecatequistas\/files\/2025\/05\/Arte-site-1536x864-1-512x288.png 512w, https:\/\/blog.cancaonova.com\/paisecatequistas\/files\/2025\/05\/Arte-site-1536x864-1-1024x576.png 1024w\" sizes=\"(max-width: 617px) 100vw, 617px\" \/><\/a><\/p>\n<p><iframe loading=\"lazy\" title=\"31\u00c2\u00ba dia I Prepara\u00c3\u00a7\u00c3\u00a3o para a Consagra\u00c3\u00a7\u00c3\u00a3o \u00c3\u00a0 Sant\u00c3\u00adssima Virgem para Crian\u00c3\u00a7as\" width=\"600\" height=\"338\" src=\"https:\/\/www.youtube.com\/embed\/kPuC523BY-4?feature=oembed&amp;rel=0\" frameborder=\"0\" allow=\"accelerometer; autoplay; clipboard-write; encrypted-media; gyroscope; picture-in-picture; web-share\" referrerpolicy=\"strict-origin-when-cross-origin\" allowfullscreen><\/iframe><\/p>\n<p>&nbsp;<\/p>\n","protected":false},"excerpt":{"rendered":"<p>Vamos rezar juntos o Ato de Consagra\u00e7\u00e3o a Sant\u00edssima Virgem Maria?Clique na imagem para imprimir e acompanhar a ora\u00e7\u00e3o que a Sarah ir\u00e1 rezar no v\u00eddeo a seguir. &nbsp;<\/p>\n","protected":false},"author":4340,"featured_media":19045,"comment_status":"closed","ping_status":"closed","sticky":false,"template":"","format":"standard","meta":{"_mi_skip_tracking":false,"_monsterinsights_sitenote_active":false,"_monsterinsights_sitenote_note":"","_monsterinsights_sitenote_category":0,"footnotes":""},"categories":[200710],"tags":[18310,15736,15641],"_links":{"self":[{"href":"https:\/\/blog.cancaonova.com\/paisecatequistas\/wp-json\/wp\/v2\/posts\/19043"}],"collection":[{"href":"https:\/\/blog.cancaonova.com\/paisecatequistas\/wp-json\/wp\/v2\/posts"}],"about":[{"href":"https:\/\/blog.cancaonova.com\/paisecatequistas\/wp-json\/wp\/v2\/types\/post"}],"author":[{"embeddable":true,"href":"https:\/\/blog.cancaonova.com\/paisecatequistas\/wp-json\/wp\/v2\/users\/4340"}],"replies":[{"embeddable":true,"href":"https:\/\/blog.cancaonova.com\/paisecatequistas\/wp-json\/wp\/v2\/comments?post=19043"}],"version-history":[{"count":5,"href":"https:\/\/blog.cancaonova.com\/paisecatequistas\/wp-json\/wp\/v2\/posts\/19043\/revisions"}],"predecessor-version":[{"id":19050,"href":"https:\/\/blog.cancaonova.com\/paisecatequistas\/wp-json\/wp\/v2\/posts\/19043\/revisions\/19050"}],"wp:featuredmedia":[{"embeddable":true,"href":"https:\/\/blog.cancaonova.com\/paisecatequistas\/wp-json\/wp\/v2\/media\/19045"}],"wp:attachment":[{"href":"https:\/\/blog.cancaonova.com\/paisecatequistas\/wp-json\/wp\/v2\/media?parent=19043"}],"wp:term":[{"taxonomy":"category","embeddable":true,"href":"https:\/\/blog.cancaonova.com\/paisecatequistas\/wp-json\/wp\/v2\/categories?post=19043"},{"taxonomy":"post_tag","embeddable":true,"href":"https:\/\/blog.cancaonova.com\/paisecatequistas\/wp-json\/wp\/v2\/tags?post=19043"}],"curies":[{"name":"wp","href":"https:\/\/api.w.org\/{rel}","templated":true}]}}