{"id":19083,"date":"2025-06-09T09:17:52","date_gmt":"2025-06-09T11:17:52","guid":{"rendered":"https:\/\/blog.cancaonova.com\/paisecatequistas\/?p=19083"},"modified":"2025-06-24T08:47:49","modified_gmt":"2025-06-24T10:47:49","slug":"junho-e-musica-fe-e-alegria","status":"publish","type":"post","link":"https:\/\/blog.cancaonova.com\/paisecatequistas\/junho-e-musica-fe-e-alegria\/","title":{"rendered":"Junho \u00e9 M\u00fasica, F\u00e9 e Alegria\ud83e\ude97\ud83c\udfb5"},"content":{"rendered":"<h3 data-start=\"1956\" data-end=\"2002\">Bora viver essa festan\u00e7a com a gente ?<\/h3>\n<p data-start=\"1956\" data-end=\"2002\"><span style=\"font-size: 16px\">D\u00ea o play, cante, dance e evangelize com \u201cFestan\u00e7a Boa\u201d. Uma forma criativa e cheia de f\u00e9 de celebrar as tradi\u00e7\u00f5es juninas ao lado dos pequenos!<\/span><\/p>\n<p><iframe loading=\"lazy\" title=\"Lan\u00c3\u00a7amento I Festan\u00c3\u00a7a Boa\" width=\"600\" height=\"338\" src=\"https:\/\/www.youtube.com\/embed\/fbHi7Cw9TpE?list=PLNlRgLhNKHif0WBkjb7KBq5f_-u3ixcFh&amp;rel=0\" frameborder=\"0\" allow=\"accelerometer; autoplay; clipboard-write; encrypted-media; gyroscope; picture-in-picture; web-share\" referrerpolicy=\"strict-origin-when-cross-origin\" allowfullscreen><\/iframe><\/p>\n<p data-start=\"2150\" data-end=\"2234\">Acesse agora: <a class=\"\" href=\"https:\/\/www.youtube.com\/@cancaonovakids\" target=\"_new\" rel=\"noopener\" data-start=\"2167\" data-end=\"2234\">YouTube Can\u00e7\u00e3o Nova Kids<\/a><\/p>\n<p data-start=\"2150\" data-end=\"2234\"><span style=\"color: #008000\"><strong>Festan\u00e7a Boa l Sans\u00e3o e o Cabel\u00e3o l Maria Passa na Frente<\/strong><\/span><\/p>\n<p data-start=\"2150\" data-end=\"2234\"><strong>Arranjo, teclados, programa\u00e7\u00e3o, Backing, mixagem e master:<\/strong> Lucas Santos<\/p>\n<p data-start=\"2150\" data-end=\"2234\"><strong><span style=\"color: #0000ff\">Festan\u00e7a Boa<\/span><\/strong><br \/>\n<strong>Compositor<\/strong>: Lucas Santos e Tatiana Ferreira<br \/>\n<strong>Int\u00e9rprete:<\/strong> Sarah Sabar\u00e1<\/p>\n<p data-start=\"2150\" data-end=\"2234\"><em>Eita festan\u00e7a boa Vem vamos dan\u00e7ar Arrai\u00e1 igual a este S\u00f3 aqui neste lugar (2x)<\/em><br \/>\n<em>A fogueira ilumina esta festa divertida<\/em><br \/>\n<em>E ningu\u00e9m fica parado Viva a festa junina<\/em><br \/>\n<em>Alegria crian\u00e7ada<\/em><br \/>\n<em>A sanfona vai tocando<\/em><br \/>\n<em>E a quadrilha vai dan\u00e7ando, cada um pegue seu par<\/em><\/p>\n<p data-start=\"2150\" data-end=\"2234\"><span style=\"color: #0000ff\"><strong>Sans\u00e3o e o cabel\u00e3o<\/strong><\/span><br \/>\n<strong>Compositor:<\/strong> Luiz Gustavo<br \/>\n<strong>Int\u00e9rprete:<\/strong> Carl\u00e3o<\/p>\n<p data-start=\"2150\" data-end=\"2234\"><em>Dalila, foi a mulher que descobriu o segredo de Sans\u00e3o<\/em><br \/>\n<em>Se cortassem a cabeleira, n\u00e3o seria mais fort\u00e3o<\/em><br \/>\n<em>Mas vejam s\u00f3 o que aconteceu<\/em><br \/>\n<em>Muitos homens maus cortaram o seu cabel\u00e3o<\/em><br \/>\n<em>E na pris\u00e3o o colocaram<\/em><br \/>\n<em>Ent\u00e3o Sans\u00e3o pediu a Deus em ora\u00e7\u00e3o<\/em><br \/>\n<em>Senhor, fazei voltar em mim as Tuas for\u00e7as<\/em><br \/>\n<em>Pra que eu possa ent\u00e3o voltar a ser Sans\u00e3o fort\u00e3o<\/em><br \/>\n<em>Senhor, fazei voltar em mim as Tuas for\u00e7as<\/em><br \/>\n<em>Pra que eu possa ent\u00e3o voltar a ser Sans\u00e3o fort\u00e3o<\/em><\/p>\n<p data-start=\"2150\" data-end=\"2234\"><span style=\"color: #0000ff\"><strong>Maria passa na frente<\/strong><\/span><br \/>\n<strong>Compositora e int\u00e9rprete:<\/strong> Sarah<\/p>\n<p data-start=\"2150\" data-end=\"2234\"><em>Aqui n\u00e3o, o inimigo n\u00e3o tem poder<\/em><br \/>\n<em>Quando Maria vem interceder<\/em><br \/>\n<em>Ele foge de seu olhar<\/em><br \/>\n<em>Aqui n\u00e3o, o inimigo n\u00e3o tem vez<\/em><br \/>\n<em>Porque Maria passou outra vez<\/em><br \/>\n<em>Ele foge de seu olhar<\/em><br \/>\n<em>Maria passa na frente, pisa na cabe\u00e7a da serpente<\/em><br \/>\n<em>Maria passa na frente, pisa na cabe\u00e7a da serpente<\/em><\/p>\n","protected":false},"excerpt":{"rendered":"<p>Junho chegou, e com ele, a anima\u00e7\u00e3o das festas t\u00edpicas que fazem parte da nossa cultura! Se voc\u00ea \u00e9 catequista, educador ou pai\/m\u00e3e em busca de um conte\u00fado divertido, colorido e cheio de f\u00e9 para as crian\u00e7as, precisa conhecer o novo projeto do setor infantil da Can\u00e7\u00e3o Nova: \u201cFestan\u00e7a Boa\u201d. <a href=\"https:\/\/blog.cancaonova.com\/paisecatequistas\/junho-e-musica-fe-e-alegria\/\">Continue lendo <span class=\"meta-nav\">&rarr;<\/span><\/a><\/p>\n","protected":false},"author":4340,"featured_media":19087,"comment_status":"closed","ping_status":"closed","sticky":false,"template":"","format":"standard","meta":{"_mi_skip_tracking":false,"_monsterinsights_sitenote_active":false,"_monsterinsights_sitenote_note":"","_monsterinsights_sitenote_category":0,"footnotes":""},"categories":[200710],"tags":[289772,16541,289771,13731,70],"_links":{"self":[{"href":"https:\/\/blog.cancaonova.com\/paisecatequistas\/wp-json\/wp\/v2\/posts\/19083"}],"collection":[{"href":"https:\/\/blog.cancaonova.com\/paisecatequistas\/wp-json\/wp\/v2\/posts"}],"about":[{"href":"https:\/\/blog.cancaonova.com\/paisecatequistas\/wp-json\/wp\/v2\/types\/post"}],"author":[{"embeddable":true,"href":"https:\/\/blog.cancaonova.com\/paisecatequistas\/wp-json\/wp\/v2\/users\/4340"}],"replies":[{"embeddable":true,"href":"https:\/\/blog.cancaonova.com\/paisecatequistas\/wp-json\/wp\/v2\/comments?post=19083"}],"version-history":[{"count":12,"href":"https:\/\/blog.cancaonova.com\/paisecatequistas\/wp-json\/wp\/v2\/posts\/19083\/revisions"}],"predecessor-version":[{"id":19149,"href":"https:\/\/blog.cancaonova.com\/paisecatequistas\/wp-json\/wp\/v2\/posts\/19083\/revisions\/19149"}],"wp:featuredmedia":[{"embeddable":true,"href":"https:\/\/blog.cancaonova.com\/paisecatequistas\/wp-json\/wp\/v2\/media\/19087"}],"wp:attachment":[{"href":"https:\/\/blog.cancaonova.com\/paisecatequistas\/wp-json\/wp\/v2\/media?parent=19083"}],"wp:term":[{"taxonomy":"category","embeddable":true,"href":"https:\/\/blog.cancaonova.com\/paisecatequistas\/wp-json\/wp\/v2\/categories?post=19083"},{"taxonomy":"post_tag","embeddable":true,"href":"https:\/\/blog.cancaonova.com\/paisecatequistas\/wp-json\/wp\/v2\/tags?post=19083"}],"curies":[{"name":"wp","href":"https:\/\/api.w.org\/{rel}","templated":true}]}}