{"id":19116,"date":"2025-06-16T09:15:26","date_gmt":"2025-06-16T11:15:26","guid":{"rendered":"https:\/\/blog.cancaonova.com\/paisecatequistas\/?p=19116"},"modified":"2025-06-23T16:38:26","modified_gmt":"2025-06-23T18:38:26","slug":"vem-brincar-l-que-amor-e-esse-l-moda%f0%9f%8e%b5","status":"publish","type":"post","link":"https:\/\/blog.cancaonova.com\/paisecatequistas\/vem-brincar-l-que-amor-e-esse-l-moda%f0%9f%8e%b5\/","title":{"rendered":"Vem Brincar l Que Amor \u00e9 Esse l A Moda\ud83c\udfb5\ud83e\ude97"},"content":{"rendered":"<p data-start=\"209\" data-end=\"433\">Voc\u00ea j\u00e1 parou para perceber o poder que uma m\u00fasica tem na vida das crian\u00e7as? Al\u00e9m de alegrar, dan\u00e7ar e brincar, as can\u00e7\u00f5es certas tamb\u00e9m educam, evangelizam. Apresentamos tr\u00eas m\u00fasicas que s\u00e3o verdadeiras ferramentas de evangeliza\u00e7\u00e3o para catequistas e pais.<\/p>\n<p data-start=\"209\" data-end=\"433\">Letras simples, melodias alegres e mensagens que tocam o cora\u00e7\u00e3o, essas can\u00e7\u00f5es ajudam as crian\u00e7as a descobrir valores como o amor de Deus, a amizade com Jesus e a import\u00e2ncia de escolher o bem.<\/p>\n<p><iframe loading=\"lazy\" title=\"Lan\u00c3\u00a7amento I Festan\u00c3\u00a7a Boa\" width=\"600\" height=\"338\" src=\"https:\/\/www.youtube.com\/embed\/fbHi7Cw9TpE?feature=oembed&amp;rel=0\" frameborder=\"0\" allow=\"accelerometer; autoplay; clipboard-write; encrypted-media; gyroscope; picture-in-picture; web-share\" referrerpolicy=\"strict-origin-when-cross-origin\" allowfullscreen><\/iframe><\/p>\n<p><strong>Vem Brincar<\/strong><br \/>\nCompositor: Lucas Santos e Tatiana Ferreira<br \/>\nInt\u00e9rprete: Sarah Sabar\u00e1<br \/>\n<em><br \/>\nUm cantinho especial, todo feito para voc\u00ea<\/em><br \/>\n<em>Um lugar bem divertido colorido para valer<\/em><br \/>\n<em>Aqui tem brincadeiras e alegria de mont\u00e3o<\/em><br \/>\n<em>Com Jesus tudo \u00e9 festa, ele \u00e9 nosso amig\u00e3o<\/em><br \/>\n<em>Vem brincar o amor est\u00e1 no ar<\/em><br \/>\n<em>Sua vida mais alegre vai ficar (2x)<\/em><\/p>\n<p><strong>Que Amor \u00e9 Esse<\/strong><br \/>\nCompositores: Tatiana Ferreira e Lucas Santos<br \/>\nInt\u00e9rprete: Andressa Matos<br \/>\n<em><br \/>\nDeus me ama como sou<\/em><br \/>\n<em>Deus te ama como voc\u00ea \u00e9<\/em><br \/>\n<em>Se Deus \u00e9 por mim, ningu\u00e9m ser\u00e1 contra mim<\/em><br \/>\n<em>Como \u00e9 bom ser amado assim (2x)<\/em><br \/>\n<em>Que amor \u00e9 esse, t\u00e3o grande que n\u00e3o consigo pegar<\/em><br \/>\n<em>Que amor \u00e9 esse, t\u00e3o pequeno que cabe dentro de mim<\/em><br \/>\n<em>Que amor \u00e9 esse, t\u00e3o cheio de alegria que me faz sorrir<\/em><br \/>\n<em>Que amor \u00e9 esse, t\u00e3o vazio de si que me ensina a repartir<\/em><br \/>\n<em>Que amor \u00e9 esse, que longe dele n\u00e3o consigo ficar<\/em><br \/>\n<em>Que amor \u00e9 esse, que perto dele vivo mais feliz<\/em><br \/>\n<em>Que amor \u00e9 esse, que mesmo no frio torna quentinho meu cora\u00e7\u00e3o<\/em><br \/>\n<em>Que amor \u00e9 esse, que me faz cantar bem alegre esta can\u00e7\u00e3o<\/em><\/p>\n<p><strong>A Moda<\/strong><br \/>\nCompositor: Pitter<br \/>\nInt\u00e9rprete: Andressa Matos<br \/>\n<em><br \/>\nA Moda agora \u00e9 parar,<\/em><br \/>\n<em>pode parar, pode parar, pode parar de pecar<\/em><br \/>\n<em>A Moda agora \u00e9 parar,<\/em><br \/>\n<em>pode parar, pode parar, pode parar de pecar<\/em><br \/>\n<em>Tem muita gente achando bonito desobedecer<\/em><br \/>\n<em>N\u00e3o \u00e9 bonito brigar com o papai, brigar com a mam\u00e3e<\/em><br \/>\n<em>Venha cantar com a gente, venha ser diferente<\/em><br \/>\n<em>Pois o pecado \u00e9 ruim, faz mau pra voc\u00ea, faz mau para mim<\/em><br \/>\n<em>A Moda agora \u00e9 parar,<\/em><br \/>\n<em>pode parar, pode parar, pode parar de pecar<\/em><br \/>\n<em>A Moda agora \u00e9 parar,<\/em><br \/>\n<em>pode parar, pode parar, pode parar de pecar<\/em><br \/>\n<em>Tem muita gente achando bonito brigar na escola<\/em><br \/>\n<em>Faz muito tempo que isso t\u00e1 fora, t\u00e1 fora de moda<\/em><br \/>\n<em>Venha cantar com a gente, venha ser diferente<\/em><br \/>\n<em>Pois o pecado \u00e9 ruim, faz mau pra voc\u00ea, faz mau para mim <\/em><\/p>\n","protected":false},"excerpt":{"rendered":"<p>Voc\u00ea j\u00e1 parou para perceber o poder que uma m\u00fasica tem na vida das crian\u00e7as? Al\u00e9m de alegrar, dan\u00e7ar e brincar, as can\u00e7\u00f5es certas tamb\u00e9m educam, evangelizam. Apresentamos tr\u00eas m\u00fasicas que s\u00e3o verdadeiras ferramentas de evangeliza\u00e7\u00e3o para catequistas, pais . <a href=\"https:\/\/blog.cancaonova.com\/paisecatequistas\/vem-brincar-l-que-amor-e-esse-l-moda%f0%9f%8e%b5\/\">Continue lendo <span class=\"meta-nav\">&rarr;<\/span><\/a><\/p>\n","protected":false},"author":4340,"featured_media":19117,"comment_status":"closed","ping_status":"closed","sticky":false,"template":"","format":"standard","meta":{"_mi_skip_tracking":false,"_monsterinsights_sitenote_active":false,"_monsterinsights_sitenote_note":"","_monsterinsights_sitenote_category":0,"footnotes":""},"categories":[200710],"tags":[],"_links":{"self":[{"href":"https:\/\/blog.cancaonova.com\/paisecatequistas\/wp-json\/wp\/v2\/posts\/19116"}],"collection":[{"href":"https:\/\/blog.cancaonova.com\/paisecatequistas\/wp-json\/wp\/v2\/posts"}],"about":[{"href":"https:\/\/blog.cancaonova.com\/paisecatequistas\/wp-json\/wp\/v2\/types\/post"}],"author":[{"embeddable":true,"href":"https:\/\/blog.cancaonova.com\/paisecatequistas\/wp-json\/wp\/v2\/users\/4340"}],"replies":[{"embeddable":true,"href":"https:\/\/blog.cancaonova.com\/paisecatequistas\/wp-json\/wp\/v2\/comments?post=19116"}],"version-history":[{"count":4,"href":"https:\/\/blog.cancaonova.com\/paisecatequistas\/wp-json\/wp\/v2\/posts\/19116\/revisions"}],"predecessor-version":[{"id":19148,"href":"https:\/\/blog.cancaonova.com\/paisecatequistas\/wp-json\/wp\/v2\/posts\/19116\/revisions\/19148"}],"wp:featuredmedia":[{"embeddable":true,"href":"https:\/\/blog.cancaonova.com\/paisecatequistas\/wp-json\/wp\/v2\/media\/19117"}],"wp:attachment":[{"href":"https:\/\/blog.cancaonova.com\/paisecatequistas\/wp-json\/wp\/v2\/media?parent=19116"}],"wp:term":[{"taxonomy":"category","embeddable":true,"href":"https:\/\/blog.cancaonova.com\/paisecatequistas\/wp-json\/wp\/v2\/categories?post=19116"},{"taxonomy":"post_tag","embeddable":true,"href":"https:\/\/blog.cancaonova.com\/paisecatequistas\/wp-json\/wp\/v2\/tags?post=19116"}],"curies":[{"name":"wp","href":"https:\/\/api.w.org\/{rel}","templated":true}]}}