{"id":19130,"date":"2025-06-23T11:00:36","date_gmt":"2025-06-23T13:00:36","guid":{"rendered":"https:\/\/blog.cancaonova.com\/paisecatequistas\/?p=19130"},"modified":"2025-06-18T14:04:32","modified_gmt":"2025-06-18T16:04:32","slug":"pede-agora-l-tcha-tcha-tcha-l-tema-de-clara-e-francisco","status":"publish","type":"post","link":"https:\/\/blog.cancaonova.com\/paisecatequistas\/pede-agora-l-tcha-tcha-tcha-l-tema-de-clara-e-francisco\/","title":{"rendered":"Pede Agora l Tch\u00e1 tch\u00e1, tch\u00e1 l Tema de Clara e Francisco \ud83c\udfb5\ud83c\udfb6"},"content":{"rendered":"<p>A Festan\u00e7a Boa continua alegrando e esquentando o cora\u00e7\u00e3o com a presen\u00e7a de Deus.<\/p>\n<p>Vamos juntos cantar e dan\u00e7ar na presen\u00e7a do Esp\u00edrito Santo!<\/p>\n<p><iframe loading=\"lazy\" title=\"Lan\u00c3\u00a7amento I Festan\u00c3\u00a7a Boa\" width=\"600\" height=\"338\" src=\"https:\/\/www.youtube.com\/embed\/fbHi7Cw9TpE?feature=oembed&amp;rel=0\" frameborder=\"0\" allow=\"accelerometer; autoplay; clipboard-write; encrypted-media; gyroscope; picture-in-picture; web-share\" referrerpolicy=\"strict-origin-when-cross-origin\" allowfullscreen><\/iframe><\/p>\n<p><strong>Pede agora<\/strong><br \/>\nCompositor: Pitter<br \/>\nInt\u00e9rprete &#8211; Andressa Matos<\/p>\n<p><em>Pede, pede agora o Esp\u00edrito Santo (3x)<\/em><br \/>\n<em>Pede porque Ele pode tudo renovar<\/em><br \/>\n<em>Pede, pede agora o Esp\u00edrito Santo (3x)<\/em><br \/>\n<em>Pede porque Ele pode tudo renovar<\/em><br \/>\n<em>Vem sobre mim, vem sobre mim<\/em><br \/>\n<em>Vem sobre mim, vem Esp\u00edrito Santo, oh vem<\/em><br \/>\n<em>Vem sobre mim, vem sobre mim<\/em><br \/>\n<em>Vem sobre mim, vem Esp\u00edrito Santo, oh vem<\/em><br \/>\n<em>Vem sobre n\u00f3s, vem sobre n\u00f3s<\/em><br \/>\n<em>Vem sobre n\u00f3s, vem Esp\u00edrito Santo, oh vem<\/em><br \/>\n<em>Vem sobre n\u00f3s, vem sobre n\u00f3s<\/em><br \/>\n<em>Vem sobre n\u00f3s, vem Esp\u00edrito Santo, oh vem<\/em><\/p>\n<p><strong>Tcha, tcha, tcha<\/strong><br \/>\nCompositor e int\u00e9rprete: Carl\u00e3o<\/p>\n<p><em>Tcha, tcha, tch\u00e1, tcha, tcha, tch\u00e1<\/em><br \/>\n<em>Guri, guri, guri, guti tch\u00e1, tch\u00e1, tch\u00e1 (2x)<\/em><br \/>\n<em>Au\u00ea, au\u00ea Guti, guti, guti, guti tch\u00e1, tch\u00e1, tch\u00e1 (2x)<\/em><br \/>\n<em>Levanto as m\u00e3o para louvar<\/em><br \/>\n<em>Bato palmas para exaltar<\/em><br \/>\n<em>Amo a Deus de cora\u00e7\u00e3o<\/em><br \/>\n<em>A Ele a gl\u00f3ria e a adora\u00e7\u00e3o<\/em><br \/>\n<em>Guti, guri, guri<\/em><br \/>\n<em>Cuido do irm\u00e3o ele mora dentro do meu cora\u00e7\u00e3o<\/em><br \/>\n<em>Ele \u00e9 meu amigo; amigo pra valer<\/em><br \/>\n<em>Pois na hora triste ele vem me socorrer<\/em><\/p>\n<p><strong>Tema de Clara e Francisco<\/strong><br \/>\nCompositor: Pe. Jonas Abib<br \/>\nInt\u00e9rpretes: Cec\u00edlia, Jo\u00e3o e Davi Hoelz<\/p>\n<p><em>Irm\u00e3o Francisco, irm\u00e3o de todo irm\u00e3o<\/em><br \/>\n<em>Clara de Assis, irm\u00e3 de toda irm\u00e3<\/em><br \/>\n<em>Cantam ao mundo, s\u00f3 Deus nos bastar\u00e1<\/em><br \/>\n<em>O amor \u00e9 lindo, ele vencer\u00e1<\/em><br \/>\n<em>Irm\u00e3o Francisco, vem me ensinar<\/em><br \/>\n<em>Clara de Assis, aponta o que fazer<\/em><br \/>\n<em>Para que o Senhor, seja o tudo em mim<\/em><br \/>\n<em>Para s\u00f3 servi-lo, que devo fazer?<\/em><br \/>\n<em>Vem dizer<\/em><br \/>\n<em>Se voc\u00ea quiser, servir a Deus, fa\u00e7a poucas coisas<\/em><br \/>\n<em>Mas as fa\u00e7a bem<\/em><br \/>\n<em>Pedra por pedra com esperan\u00e7a de ver Jesus<\/em><br \/>\n<em>Dia ap\u00f3s dia, com alegria, sempre buscando al\u00e9m.<\/em><\/p>\n","protected":false},"excerpt":{"rendered":"<p>A Festan\u00e7a Boa continua alegrando e esquentando o cora\u00e7\u00e3o com a presen\u00e7a de Deus.\u00a0<\/p>\n<p>Vamos juntos cantar e dan\u00e7ar na presen\u00e7a do Esp\u00edrito Santo! <a href=\"https:\/\/blog.cancaonova.com\/paisecatequistas\/pede-agora-l-tcha-tcha-tcha-l-tema-de-clara-e-francisco\/\">Continue lendo <span class=\"meta-nav\">&rarr;<\/span><\/a><\/p>\n","protected":false},"author":4340,"featured_media":19131,"comment_status":"closed","ping_status":"closed","sticky":false,"template":"","format":"standard","meta":{"_mi_skip_tracking":false,"_monsterinsights_sitenote_active":false,"_monsterinsights_sitenote_note":"","_monsterinsights_sitenote_category":0,"footnotes":""},"categories":[200710],"tags":[8911,6351,16619,8001,5721,289771,289664,13731,18235,70],"_links":{"self":[{"href":"https:\/\/blog.cancaonova.com\/paisecatequistas\/wp-json\/wp\/v2\/posts\/19130"}],"collection":[{"href":"https:\/\/blog.cancaonova.com\/paisecatequistas\/wp-json\/wp\/v2\/posts"}],"about":[{"href":"https:\/\/blog.cancaonova.com\/paisecatequistas\/wp-json\/wp\/v2\/types\/post"}],"author":[{"embeddable":true,"href":"https:\/\/blog.cancaonova.com\/paisecatequistas\/wp-json\/wp\/v2\/users\/4340"}],"replies":[{"embeddable":true,"href":"https:\/\/blog.cancaonova.com\/paisecatequistas\/wp-json\/wp\/v2\/comments?post=19130"}],"version-history":[{"count":5,"href":"https:\/\/blog.cancaonova.com\/paisecatequistas\/wp-json\/wp\/v2\/posts\/19130\/revisions"}],"predecessor-version":[{"id":19136,"href":"https:\/\/blog.cancaonova.com\/paisecatequistas\/wp-json\/wp\/v2\/posts\/19130\/revisions\/19136"}],"wp:featuredmedia":[{"embeddable":true,"href":"https:\/\/blog.cancaonova.com\/paisecatequistas\/wp-json\/wp\/v2\/media\/19131"}],"wp:attachment":[{"href":"https:\/\/blog.cancaonova.com\/paisecatequistas\/wp-json\/wp\/v2\/media?parent=19130"}],"wp:term":[{"taxonomy":"category","embeddable":true,"href":"https:\/\/blog.cancaonova.com\/paisecatequistas\/wp-json\/wp\/v2\/categories?post=19130"},{"taxonomy":"post_tag","embeddable":true,"href":"https:\/\/blog.cancaonova.com\/paisecatequistas\/wp-json\/wp\/v2\/tags?post=19130"}],"curies":[{"name":"wp","href":"https:\/\/api.w.org\/{rel}","templated":true}]}}