{"id":19154,"date":"2025-06-24T10:40:38","date_gmt":"2025-06-24T12:40:38","guid":{"rendered":"https:\/\/blog.cancaonova.com\/paisecatequistas\/?p=19154"},"modified":"2025-06-27T12:44:46","modified_gmt":"2025-06-27T14:44:46","slug":"bolinha-de-sabao-l-com-o-espirito-santo-sou-forte-l-virtuosa-e-bela","status":"publish","type":"post","link":"https:\/\/blog.cancaonova.com\/paisecatequistas\/bolinha-de-sabao-l-com-o-espirito-santo-sou-forte-l-virtuosa-e-bela\/","title":{"rendered":"Bolinha de Sab\u00e3o l Com o Esp\u00edrito Santo sou forte l Virtuosa e Bela\ud83e\ude97\ud83c\udfb6"},"content":{"rendered":"<p>A festan\u00e7a boa continua com muita m\u00fasica e alegria.\u00a0 Arreste as cadeiras, pegue seu par e vamos juntos louvar e cantar pois a alegria do Senhor \u00e9 a nossa for\u00e7a.<\/p>\n<p><iframe loading=\"lazy\" title=\"04 \u00e2\u0080\u00a2 Bolinha de Sab\u00c3\u00a3o l Com o Esp\u00c3\u00adrito Santo sou forte l Virtuosa e Bela \u00e2\u0080\u00a2 Can\u00c3\u00a7\u00c3\u00a3o Nova Kids\" width=\"600\" height=\"338\" src=\"https:\/\/www.youtube.com\/embed\/eCwVSirkOW4?feature=oembed&amp;rel=0\" frameborder=\"0\" allow=\"accelerometer; autoplay; clipboard-write; encrypted-media; gyroscope; picture-in-picture; web-share\" referrerpolicy=\"strict-origin-when-cross-origin\" allowfullscreen><\/iframe><\/p>\n<p><strong>Bolinha de Sab\u00e3o<\/strong><br \/>\nCompositores: Gilmara e Luiz Gustavo<br \/>\nInt\u00e9rprete: Ver\u00f4nica<\/p>\n<p><em>B\u00e3o, b\u00e3o, b\u00e3o, b\u00e3o, b\u00e3o<\/em><br \/>\n<em>Sab\u00e3o, b\u00e3o, b\u00e3o, b\u00e3o, b\u00e3o<\/em><br \/>\n<em>Na m\u00e3o, m\u00e3o, m\u00e3o, m\u00e3o, m\u00e3o<\/em><br \/>\n<em>\u00c9 bolinha de sab\u00e3o<\/em><br \/>\n<em>Nossa terra redondinha, at\u00e9 parece uma bolinha<\/em><br \/>\n<em>Cabe aqui na minha m\u00e3o a bolinha de sab\u00e3o<\/em><br \/>\n<em>Papai do C\u00e9u \u00e9 quem criou tudo, tudo, tudo, muito lindo<\/em><br \/>\n<em>Pra alegrar o cora\u00e7\u00e3o fa\u00e7o bolinhas de sab\u00e3o<\/em><br \/>\n<em>B\u00e3o, b\u00e3o, b\u00e3o, b\u00e3o, b\u00e3o<\/em><br \/>\n<em>Sab\u00e3o, b\u00e3o, b\u00e3o, b\u00e3o, b\u00e3o<\/em><br \/>\n<em>Na m\u00e3o, m\u00e3o, m\u00e3o, m\u00e3o, m\u00e3o<\/em><br \/>\n<em>\u00c9 bolinha de sab\u00e3o<\/em><br \/>\n<em>Olha que legal quantas bolinhas!<\/em><br \/>\n<em>Seu eu tentar pegar elas v\u00e3o estourar<\/em><br \/>\n<em>Pula-pula aqui, pula-pula ali<\/em><br \/>\n<em>Olha uma ali, s\u00f3 cuidado pra n\u00e3o cair, cair<\/em><\/p>\n<p><strong>Com o Esp\u00edrito Santo sou forte<\/strong><br \/>\nCompositor e int\u00e9rprete: Carl\u00e3o<\/p>\n<p><em>Com o Esp\u00edrito Santo eu sou forte<\/em><br \/>\n<em>Com o Esp\u00edrito Santo eu sou forte<\/em><br \/>\n<em>Eu sou forte<\/em><br \/>\n<em>Sem o Esp\u00edrito Santo eu sou fraco<\/em><br \/>\n<em>Sem o Esp\u00edrito Santo eu sou fraco<\/em><br \/>\n<em>Eu sou fraco<\/em><br \/>\n<em>\u00c9 ele quem me conduz<\/em><br \/>\n<em>No caminho pra Jesus, pra Jesus<\/em><br \/>\n<em>Vem meu consolador,<\/em><br \/>\n<em>Vem encher-me de amor, de amor<\/em><br \/>\n<em>Vem meu amig\u00e3o,<\/em><br \/>\n<em>Vem guiar meu cora\u00e7\u00e3o, meu cora\u00e7\u00e3o<\/em><\/p>\n<p><strong>Virtuosa e Bela<\/strong><br \/>\nCompositores: Juliana Cazadei e Lucas SantosInt\u00e9rprete: Sarah Sabar\u00e1<br \/>\nVirtuosa e Bela, Rainha da Paz<\/p>\n<p><em>Majestosa e pura, escolhida sua Senhor.<\/em><br \/>\n<em>Caminho mais puro, santo e seguro<\/em><br \/>\n<em>Senhora e M\u00e3e, ref\u00fagio e prote\u00e7\u00e3o Sempre nos d\u00e1 sua m\u00e3o<\/em><br \/>\n<em>E o meu desejo \u00e9 estar no Teu cora\u00e7\u00e3o<\/em><br \/>\n<em>Cora\u00e7\u00e3o Imaculado, concebido sem pecado<\/em><br \/>\n<em>Por fim Teu Cora\u00e7\u00e3o Imaculado triunfar\u00e1.<\/em><\/p>\n","protected":false},"excerpt":{"rendered":"<p>A festan\u00e7a boa continua com muita m\u00fasica e alegria.\u00a0 Arreste as cadeiras, pegue seu par e vamos juntos louvar e cantar pois a alegria do Senhor \u00e9 a nossa for\u00e7a. Bolinha de Sab\u00e3o Compositores: Gilmara e Luiz Gustavo Int\u00e9rprete: Ver\u00f4nica&#8230;<\/p>\n","protected":false},"author":4340,"featured_media":19155,"comment_status":"closed","ping_status":"closed","sticky":false,"template":"","format":"standard","meta":{"_mi_skip_tracking":false,"_monsterinsights_sitenote_active":false,"_monsterinsights_sitenote_note":"","_monsterinsights_sitenote_category":0,"footnotes":""},"categories":[200710],"tags":[25727,16619,5721,289771,13731,289775],"_links":{"self":[{"href":"https:\/\/blog.cancaonova.com\/paisecatequistas\/wp-json\/wp\/v2\/posts\/19154"}],"collection":[{"href":"https:\/\/blog.cancaonova.com\/paisecatequistas\/wp-json\/wp\/v2\/posts"}],"about":[{"href":"https:\/\/blog.cancaonova.com\/paisecatequistas\/wp-json\/wp\/v2\/types\/post"}],"author":[{"embeddable":true,"href":"https:\/\/blog.cancaonova.com\/paisecatequistas\/wp-json\/wp\/v2\/users\/4340"}],"replies":[{"embeddable":true,"href":"https:\/\/blog.cancaonova.com\/paisecatequistas\/wp-json\/wp\/v2\/comments?post=19154"}],"version-history":[{"count":6,"href":"https:\/\/blog.cancaonova.com\/paisecatequistas\/wp-json\/wp\/v2\/posts\/19154\/revisions"}],"predecessor-version":[{"id":19161,"href":"https:\/\/blog.cancaonova.com\/paisecatequistas\/wp-json\/wp\/v2\/posts\/19154\/revisions\/19161"}],"wp:featuredmedia":[{"embeddable":true,"href":"https:\/\/blog.cancaonova.com\/paisecatequistas\/wp-json\/wp\/v2\/media\/19155"}],"wp:attachment":[{"href":"https:\/\/blog.cancaonova.com\/paisecatequistas\/wp-json\/wp\/v2\/media?parent=19154"}],"wp:term":[{"taxonomy":"category","embeddable":true,"href":"https:\/\/blog.cancaonova.com\/paisecatequistas\/wp-json\/wp\/v2\/categories?post=19154"},{"taxonomy":"post_tag","embeddable":true,"href":"https:\/\/blog.cancaonova.com\/paisecatequistas\/wp-json\/wp\/v2\/tags?post=19154"}],"curies":[{"name":"wp","href":"https:\/\/api.w.org\/{rel}","templated":true}]}}