{"id":19169,"date":"2025-07-01T12:32:52","date_gmt":"2025-07-01T14:32:52","guid":{"rendered":"https:\/\/blog.cancaonova.com\/paisecatequistas\/?p=19169"},"modified":"2025-10-07T12:32:05","modified_gmt":"2025-10-07T14:32:05","slug":"1o-acampamento-cn-kids-familia-jardim-de-virtudes","status":"publish","type":"post","link":"https:\/\/blog.cancaonova.com\/paisecatequistas\/1o-acampamento-cn-kids-familia-jardim-de-virtudes\/","title":{"rendered":"Fam\u00edlia, jardim de virtudes"},"content":{"rendered":"<p data-start=\"306\" data-end=\"731\">Voc\u00ea j\u00e1 imaginou um dia inteiro preparado com muito carinho para que as crian\u00e7as se encontrem com Jesus de um jeito alegre, profundo e cheio de amor?<\/p>\n<p data-start=\"306\" data-end=\"731\">\u00c9 com o cora\u00e7\u00e3o cheio de esperan\u00e7a que convidamos <strong data-start=\"513\" data-end=\"560\">voc\u00ea, catequista, papai, mam\u00e3e, titios e titias, vov\u00f3s e vov\u00f4s e evangelizador infantil<\/strong>\u00a0para o nosso <strong data-start=\"575\" data-end=\"605\">1\u00ba Acampamento Kair\u00f3s Kids<\/strong>, que acontecer\u00e1 no dia <strong data-start=\"629\" data-end=\"654\">12 de outubro de 2025<\/strong>\u00a0com o tema: <strong>&#8220;Fam\u00edlia, jardim de virtudes!&#8221;<\/strong><\/p>\n<p data-start=\"306\" data-end=\"731\">E para deixar mais especial, dia 12 de outubro \u00e9 o <strong data-start=\"674\" data-end=\"730\">Dia das Crian\u00e7as e o Dia de Nossa Senhora Aparecida<\/strong>!<\/p>\n<p><iframe loading=\"lazy\" title=\"Acampamento Can\u00c3\u00a7\u00c3\u00a3o Nova Kids I 2025\" width=\"600\" height=\"338\" src=\"https:\/\/www.youtube.com\/embed\/FRgVjfDb3LI?feature=oembed&amp;rel=0\" frameborder=\"0\" allow=\"accelerometer; autoplay; clipboard-write; encrypted-media; gyroscope; picture-in-picture; web-share\" referrerpolicy=\"strict-origin-when-cross-origin\" allowfullscreen><\/iframe><\/p>\n","protected":false},"excerpt":{"rendered":"<p>Voc\u00ea j\u00e1 imaginou um dia inteiro preparado com muito carinho para que as crian\u00e7as\u00a0 se encontrem com Jesus de um jeito alegre, profundo e cheio de amor?<\/p>\n<p>\u00c9 com o cora\u00e7\u00e3o cheio de esperan\u00e7a que convidamos voc\u00ea, catequista, papai, mam\u00e3e, titios e titias, vov\u00f3s e vov\u00f4s e evangelizador infantil, para o nosso 1\u00ba Acampamento Kair\u00f3s Kids, que acontecer\u00e1 no dia 12 de outubro de 2025, com o tema: &#8220;Fam\u00edlia: Jardim de Virtudes!&#8221; <a href=\"https:\/\/blog.cancaonova.com\/paisecatequistas\/1o-acampamento-cn-kids-familia-jardim-de-virtudes\/\">Continue lendo <span class=\"meta-nav\">&rarr;<\/span><\/a><\/p>\n","protected":false},"author":4340,"featured_media":19221,"comment_status":"closed","ping_status":"closed","sticky":false,"template":"","format":"standard","meta":{"_mi_skip_tracking":false,"_monsterinsights_sitenote_active":false,"_monsterinsights_sitenote_note":"","_monsterinsights_sitenote_category":0,"footnotes":""},"categories":[200710],"tags":[289777,15792,40,289776,5261,289707,6681],"_links":{"self":[{"href":"https:\/\/blog.cancaonova.com\/paisecatequistas\/wp-json\/wp\/v2\/posts\/19169"}],"collection":[{"href":"https:\/\/blog.cancaonova.com\/paisecatequistas\/wp-json\/wp\/v2\/posts"}],"about":[{"href":"https:\/\/blog.cancaonova.com\/paisecatequistas\/wp-json\/wp\/v2\/types\/post"}],"author":[{"embeddable":true,"href":"https:\/\/blog.cancaonova.com\/paisecatequistas\/wp-json\/wp\/v2\/users\/4340"}],"replies":[{"embeddable":true,"href":"https:\/\/blog.cancaonova.com\/paisecatequistas\/wp-json\/wp\/v2\/comments?post=19169"}],"version-history":[{"count":11,"href":"https:\/\/blog.cancaonova.com\/paisecatequistas\/wp-json\/wp\/v2\/posts\/19169\/revisions"}],"predecessor-version":[{"id":19683,"href":"https:\/\/blog.cancaonova.com\/paisecatequistas\/wp-json\/wp\/v2\/posts\/19169\/revisions\/19683"}],"wp:featuredmedia":[{"embeddable":true,"href":"https:\/\/blog.cancaonova.com\/paisecatequistas\/wp-json\/wp\/v2\/media\/19221"}],"wp:attachment":[{"href":"https:\/\/blog.cancaonova.com\/paisecatequistas\/wp-json\/wp\/v2\/media?parent=19169"}],"wp:term":[{"taxonomy":"category","embeddable":true,"href":"https:\/\/blog.cancaonova.com\/paisecatequistas\/wp-json\/wp\/v2\/categories?post=19169"},{"taxonomy":"post_tag","embeddable":true,"href":"https:\/\/blog.cancaonova.com\/paisecatequistas\/wp-json\/wp\/v2\/tags?post=19169"}],"curies":[{"name":"wp","href":"https:\/\/api.w.org\/{rel}","templated":true}]}}