{"id":19183,"date":"2025-07-02T14:29:28","date_gmt":"2025-07-02T16:29:28","guid":{"rendered":"https:\/\/blog.cancaonova.com\/paisecatequistas\/?p=19183"},"modified":"2025-11-11T09:45:34","modified_gmt":"2025-11-11T11:45:34","slug":"o-sacerdote-e-musica-especial-padre-jonas","status":"publish","type":"post","link":"https:\/\/blog.cancaonova.com\/paisecatequistas\/o-sacerdote-e-musica-especial-padre-jonas\/","title":{"rendered":"Um pouco mais da hist\u00f3ria"},"content":{"rendered":"<p>Dando continuidade \u00e0 s\u00e9rie <strong>\u201cEspecial Padre Jonas\u201d<\/strong>, o segundo epis\u00f3dio intitulado <strong>\u201cO Sacerdote e a M\u00fasica\u201d<\/strong> revela outra experi\u00eancia marcante na vida do fundador da Comunidade Can\u00e7\u00e3o Nova, Padre Jonas Abib.<\/p>\n<p>Neste cap\u00edtulo, o p\u00fablico \u00e9 conduzido ao universo musical que sempre acompanhou o sacerdote em sua miss\u00e3o evangelizadora. A m\u00fasica n\u00e3o foi apenas uma habilidade art\u00edstica em sua vida, mas um verdadeiro instrumento de evangeliza\u00e7\u00e3o, que aproximou cora\u00e7\u00f5es de Deus e deu voz \u00e0 mensagem da salva\u00e7\u00e3o.<\/p>\n<p>Vamos conhecer um pouco mais dessa linda hist\u00f3ria?<\/p>\n<p data-start=\"2215\" data-end=\"2354\"><strong data-start=\"2215\" data-end=\"2230\">Compartilhe<\/strong> com outros pais, catequistas e evangelizadores! Vamos juntos formar uma gera\u00e7\u00e3o que canta, reza e evangeliza com alegria!<\/p>\n<p><iframe loading=\"lazy\" title=\"Ep. 02 I O Sacerdote e a M\u00c3\u00basica l Especial Pe. Jonas\" width=\"600\" height=\"338\" src=\"https:\/\/www.youtube.com\/embed\/sDHsVZLZPQY?feature=oembed&amp;rel=0\" frameborder=\"0\" allow=\"accelerometer; autoplay; clipboard-write; encrypted-media; gyroscope; picture-in-picture; web-share\" referrerpolicy=\"strict-origin-when-cross-origin\" allowfullscreen><\/iframe><\/p>\n","protected":false},"excerpt":{"rendered":"<p>Dando continuidade \u00e0 s\u00e9rie \u201cEspecial Padre Jonas\u201d, o segundo epis\u00f3dio intitulado \u201cO Sacerdote e a M\u00fasica\u201d revela outra experi\u00eancia marcante na vida do fundador da Comunidade Can\u00e7\u00e3o Nova, Padre Jonas Abib. Neste cap\u00edtulo, o p\u00fablico \u00e9 conduzido ao universo musical&#8230;<\/p>\n","protected":false},"author":4340,"featured_media":19184,"comment_status":"closed","ping_status":"closed","sticky":false,"template":"","format":"standard","meta":{"_mi_skip_tracking":false,"_monsterinsights_sitenote_active":false,"_monsterinsights_sitenote_note":"","_monsterinsights_sitenote_category":0,"footnotes":""},"categories":[200710],"tags":[5011,8001,18235,70,8181,19322,289738],"_links":{"self":[{"href":"https:\/\/blog.cancaonova.com\/paisecatequistas\/wp-json\/wp\/v2\/posts\/19183"}],"collection":[{"href":"https:\/\/blog.cancaonova.com\/paisecatequistas\/wp-json\/wp\/v2\/posts"}],"about":[{"href":"https:\/\/blog.cancaonova.com\/paisecatequistas\/wp-json\/wp\/v2\/types\/post"}],"author":[{"embeddable":true,"href":"https:\/\/blog.cancaonova.com\/paisecatequistas\/wp-json\/wp\/v2\/users\/4340"}],"replies":[{"embeddable":true,"href":"https:\/\/blog.cancaonova.com\/paisecatequistas\/wp-json\/wp\/v2\/comments?post=19183"}],"version-history":[{"count":8,"href":"https:\/\/blog.cancaonova.com\/paisecatequistas\/wp-json\/wp\/v2\/posts\/19183\/revisions"}],"predecessor-version":[{"id":19797,"href":"https:\/\/blog.cancaonova.com\/paisecatequistas\/wp-json\/wp\/v2\/posts\/19183\/revisions\/19797"}],"wp:featuredmedia":[{"embeddable":true,"href":"https:\/\/blog.cancaonova.com\/paisecatequistas\/wp-json\/wp\/v2\/media\/19184"}],"wp:attachment":[{"href":"https:\/\/blog.cancaonova.com\/paisecatequistas\/wp-json\/wp\/v2\/media?parent=19183"}],"wp:term":[{"taxonomy":"category","embeddable":true,"href":"https:\/\/blog.cancaonova.com\/paisecatequistas\/wp-json\/wp\/v2\/categories?post=19183"},{"taxonomy":"post_tag","embeddable":true,"href":"https:\/\/blog.cancaonova.com\/paisecatequistas\/wp-json\/wp\/v2\/tags?post=19183"}],"curies":[{"name":"wp","href":"https:\/\/api.w.org\/{rel}","templated":true}]}}