{"id":19205,"date":"2025-07-10T18:13:27","date_gmt":"2025-07-10T20:13:27","guid":{"rendered":"https:\/\/blog.cancaonova.com\/paisecatequistas\/?p=19205"},"modified":"2026-03-26T12:08:43","modified_gmt":"2026-03-26T14:08:43","slug":"padre-jonas-ensina-as-vezes-deus-diz-nao","status":"publish","type":"post","link":"https:\/\/blog.cancaonova.com\/paisecatequistas\/padre-jonas-ensina-as-vezes-deus-diz-nao\/","title":{"rendered":"Padre Jonas ensina: \u00e0s vezes, Deus diz n\u00e3o"},"content":{"rendered":"<p>Padre Jonas nos ensina que a ora\u00e7\u00e3o \u00e9 eficaz e necess\u00e1ria, mas nem sempre o que pedimos \u00e9 o melhor para n\u00f3s, embora, muitas vezes, n\u00e3o saibamos disso.<\/p>\n<p><iframe loading=\"lazy\" title=\"Pe. Jonas Ensina I As vezes Deus diz n\u00c3\u00a3o\" width=\"600\" height=\"338\" src=\"https:\/\/www.youtube.com\/embed\/EYPa0_6Z-0w?feature=oembed&amp;rel=0\" frameborder=\"0\" allow=\"accelerometer; autoplay; clipboard-write; encrypted-media; gyroscope; picture-in-picture; web-share\" referrerpolicy=\"strict-origin-when-cross-origin\" allowfullscreen><\/iframe><\/p>\n","protected":false},"excerpt":{"rendered":"<p>Padre Jonas nos ensina que a ora\u00e7\u00e3o \u00e9 eficaz e necess\u00e1ria, mas nem sempre o que pedimos \u00e9 o melhor para n\u00f3s e que de alguma forma n\u00e3o percebemos. <a href=\"https:\/\/blog.cancaonova.com\/paisecatequistas\/padre-jonas-ensina-as-vezes-deus-diz-nao\/\">Continue lendo <span class=\"meta-nav\">&rarr;<\/span><\/a><\/p>\n","protected":false},"author":4340,"featured_media":19206,"comment_status":"closed","ping_status":"closed","sticky":false,"template":"","format":"standard","meta":{"_mi_skip_tracking":false,"_monsterinsights_sitenote_active":false,"_monsterinsights_sitenote_note":"","_monsterinsights_sitenote_category":0,"footnotes":""},"categories":[200710],"tags":[289780,5011,16595,15975,289753,18235,261,8181],"_links":{"self":[{"href":"https:\/\/blog.cancaonova.com\/paisecatequistas\/wp-json\/wp\/v2\/posts\/19205"}],"collection":[{"href":"https:\/\/blog.cancaonova.com\/paisecatequistas\/wp-json\/wp\/v2\/posts"}],"about":[{"href":"https:\/\/blog.cancaonova.com\/paisecatequistas\/wp-json\/wp\/v2\/types\/post"}],"author":[{"embeddable":true,"href":"https:\/\/blog.cancaonova.com\/paisecatequistas\/wp-json\/wp\/v2\/users\/4340"}],"replies":[{"embeddable":true,"href":"https:\/\/blog.cancaonova.com\/paisecatequistas\/wp-json\/wp\/v2\/comments?post=19205"}],"version-history":[{"count":8,"href":"https:\/\/blog.cancaonova.com\/paisecatequistas\/wp-json\/wp\/v2\/posts\/19205\/revisions"}],"predecessor-version":[{"id":19799,"href":"https:\/\/blog.cancaonova.com\/paisecatequistas\/wp-json\/wp\/v2\/posts\/19205\/revisions\/19799"}],"wp:featuredmedia":[{"embeddable":true,"href":"https:\/\/blog.cancaonova.com\/paisecatequistas\/wp-json\/wp\/v2\/media\/19206"}],"wp:attachment":[{"href":"https:\/\/blog.cancaonova.com\/paisecatequistas\/wp-json\/wp\/v2\/media?parent=19205"}],"wp:term":[{"taxonomy":"category","embeddable":true,"href":"https:\/\/blog.cancaonova.com\/paisecatequistas\/wp-json\/wp\/v2\/categories?post=19205"},{"taxonomy":"post_tag","embeddable":true,"href":"https:\/\/blog.cancaonova.com\/paisecatequistas\/wp-json\/wp\/v2\/tags?post=19205"}],"curies":[{"name":"wp","href":"https:\/\/api.w.org\/{rel}","templated":true}]}}