{"id":19245,"date":"2025-07-29T09:50:17","date_gmt":"2025-07-29T11:50:17","guid":{"rendered":"https:\/\/blog.cancaonova.com\/paisecatequistas\/?p=19245"},"modified":"2025-07-29T10:29:30","modified_gmt":"2025-07-29T12:29:30","slug":"vamos-rezar-juntos-2","status":"publish","type":"post","link":"https:\/\/blog.cancaonova.com\/paisecatequistas\/vamos-rezar-juntos-2\/","title":{"rendered":"Vamos rezar juntos?"},"content":{"rendered":"<p data-start=\"69\" data-end=\"145\">Voc\u00ea e sua fam\u00edlia est\u00e3o convidados para uma experi\u00eancia especial de f\u00e9!<\/p>\n<p data-start=\"147\" data-end=\"420\">Que tal conhecermos juntos a linda hist\u00f3ria de <strong data-start=\"200\" data-end=\"222\">S\u00e3o Miguel Arcanjo<\/strong> e rezarmos a sua <strong data-start=\"240\" data-end=\"252\">Quaresma<\/strong>?<br data-start=\"253\" data-end=\"256\" \/>\u00c9 uma oportunidade de mergulhar nessa devo\u00e7\u00e3o t\u00e3o poderosa e fazer parte do <strong data-start=\"332\" data-end=\"358\">Ex\u00e9rcito de S\u00e3o Miguel<\/strong>, confiando na sua intercess\u00e3o para alcan\u00e7ar grandes gra\u00e7as.<\/p>\n<p data-start=\"422\" data-end=\"553\">A partir do dia <strong data-start=\"441\" data-end=\"457\">15 de agosto<\/strong>, venha rezar conosco a<strong><a href=\"https:\/\/loja.cancaonova.com\/livro-minha-quaresma-de-sao-miguel\"> &#8220;Minha Quaresma de S\u00e3o Miguel&#8221;<\/a>\u00a0<\/strong> e viver dias de ora\u00e7\u00e3o, prote\u00e7\u00e3o e b\u00ean\u00e7\u00e3os.<\/p>\n<p><iframe loading=\"lazy\" title=\"Minha Quaresma de S\u00c3\u00a3o Miguel\" width=\"600\" height=\"338\" src=\"https:\/\/www.youtube.com\/embed\/dOHauaUjjwk?list=PLNlRgLhNKHifSsWllzDlA-x7asdjuUkbA&amp;rel=0\" frameborder=\"0\" allow=\"accelerometer; autoplay; clipboard-write; encrypted-media; gyroscope; picture-in-picture; web-share\" referrerpolicy=\"strict-origin-when-cross-origin\" allowfullscreen><\/iframe><\/p>\n<p>&nbsp;<\/p>\n","protected":false},"excerpt":{"rendered":"<p>Voc\u00ea e sua fam\u00edlia est\u00e3o convidados para uma experi\u00eancia especial de f\u00e9!<\/p>\n<p>Que tal conhecermos juntos a linda hist\u00f3ria de S\u00e3o Miguel Arcanjo e rezarmos a sua Quaresma?<br \/>\n\u00c9 uma oportunidade de mergulhar nessa devo\u00e7\u00e3o t\u00e3o poderosa e fazer parte do Ex\u00e9rcito de S\u00e3o Miguel, confiando na sua intercess\u00e3o para alcan\u00e7ar grandes gra\u00e7as. <a href=\"https:\/\/blog.cancaonova.com\/paisecatequistas\/vamos-rezar-juntos-2\/\">Continue lendo <span class=\"meta-nav\">&rarr;<\/span><\/a><\/p>\n","protected":false},"author":4340,"featured_media":19246,"comment_status":"closed","ping_status":"closed","sticky":false,"template":"","format":"standard","meta":{"_mi_skip_tracking":false,"_monsterinsights_sitenote_active":false,"_monsterinsights_sitenote_note":"","_monsterinsights_sitenote_category":0,"footnotes":""},"categories":[200710],"tags":[24005,5011,16619,8001,19438,201095,289783],"_links":{"self":[{"href":"https:\/\/blog.cancaonova.com\/paisecatequistas\/wp-json\/wp\/v2\/posts\/19245"}],"collection":[{"href":"https:\/\/blog.cancaonova.com\/paisecatequistas\/wp-json\/wp\/v2\/posts"}],"about":[{"href":"https:\/\/blog.cancaonova.com\/paisecatequistas\/wp-json\/wp\/v2\/types\/post"}],"author":[{"embeddable":true,"href":"https:\/\/blog.cancaonova.com\/paisecatequistas\/wp-json\/wp\/v2\/users\/4340"}],"replies":[{"embeddable":true,"href":"https:\/\/blog.cancaonova.com\/paisecatequistas\/wp-json\/wp\/v2\/comments?post=19245"}],"version-history":[{"count":2,"href":"https:\/\/blog.cancaonova.com\/paisecatequistas\/wp-json\/wp\/v2\/posts\/19245\/revisions"}],"predecessor-version":[{"id":19248,"href":"https:\/\/blog.cancaonova.com\/paisecatequistas\/wp-json\/wp\/v2\/posts\/19245\/revisions\/19248"}],"wp:featuredmedia":[{"embeddable":true,"href":"https:\/\/blog.cancaonova.com\/paisecatequistas\/wp-json\/wp\/v2\/media\/19246"}],"wp:attachment":[{"href":"https:\/\/blog.cancaonova.com\/paisecatequistas\/wp-json\/wp\/v2\/media?parent=19245"}],"wp:term":[{"taxonomy":"category","embeddable":true,"href":"https:\/\/blog.cancaonova.com\/paisecatequistas\/wp-json\/wp\/v2\/categories?post=19245"},{"taxonomy":"post_tag","embeddable":true,"href":"https:\/\/blog.cancaonova.com\/paisecatequistas\/wp-json\/wp\/v2\/tags?post=19245"}],"curies":[{"name":"wp","href":"https:\/\/api.w.org\/{rel}","templated":true}]}}