{"id":19295,"date":"2025-08-04T11:01:37","date_gmt":"2025-08-04T13:01:37","guid":{"rendered":"https:\/\/blog.cancaonova.com\/paisecatequistas\/?p=19295"},"modified":"2025-08-04T11:33:41","modified_gmt":"2025-08-04T13:33:41","slug":"santa-filomena-princesinha-ceu","status":"publish","type":"post","link":"https:\/\/blog.cancaonova.com\/paisecatequistas\/santa-filomena-princesinha-ceu\/","title":{"rendered":"Santa Filomena a Princesinha do C\u00e9u"},"content":{"rendered":"<p style=\"text-align: left\"><span style=\"font-weight: 400\">Santa Filomena foi uma jovenzinha do final do s\u00e9culo III que amou tanto a Deus que se consagrou totalmente a Ele. Foi perseguida pelo imperador romano <\/span><b>Diocleciano<\/b><span style=\"font-weight: 400\"> pois se recusou a abandonar sua f\u00e9 e se casar com ele. Por isso, foi torturada de v\u00e1rias maneiras, e de algumas foi milagrosamente preservada. Permaneceu firme em sua f\u00e9 e pureza at\u00e9 o final e sendo m\u00e1rtir, alcan\u00e7ou o C\u00e9u.<\/span><\/p>\n<ul>\n<li style=\"font-weight: 400\"><b>Cidade:<\/b><span style=\"font-weight: 400\"> Acredita-se que foi na Gr\u00e9cia, possivelmente em Corinto, mas seu corpo foi encontrado em Roma.<\/span><\/li>\n<li style=\"font-weight: 400\"><b>Nascimento:<\/b><span style=\"font-weight: 400\"> Por volta de 291 d.C.<\/span><\/li>\n<li style=\"font-weight: 400\"><b>Batizado:<\/b><span style=\"font-weight: 400\"> Inf\u00e2ncia, seus pais eram convertidos<\/span><\/li>\n<li style=\"font-weight: 400\"><b>Canoniza\u00e7\u00e3o: <\/b><span style=\"font-weight: 400\">Foi oficialmente reconhecida em 1837 pelo Papa Greg\u00f3rio XVI ap\u00f3s descobrirem seu t\u00famulo em 1802.<\/span><\/li>\n<li style=\"font-weight: 400\"><b>Estado de Vida:<\/b><span style=\"font-weight: 400\"> Solteira, Virgem<\/span><\/li>\n<li style=\"font-weight: 400\"><b>Virtude destaque: <\/b><span style=\"font-weight: 400\">Castidade, Pureza<\/span><\/li>\n<li style=\"font-weight: 400\"><b>Habilidades:<\/b><span style=\"font-weight: 400\"> Corajosa<\/span><\/li>\n<li style=\"font-weight: 400\"><b>Morte:<\/b><span style=\"font-weight: 400\"> Morreu entre os 13 , 14 anos depois de sofrer torturas<\/span><\/li>\n<li style=\"font-weight: 400\"><b>Patrono:<\/b><span style=\"font-weight: 400\"> Jovens, Crian\u00e7as, estudantes, pessoas doentes<\/span><\/li>\n<li>Sua<strong> festa \u00e9 celebrada<\/strong> no dia 13 de agosto<\/li>\n<\/ul>\n<p><span style=\"font-weight: 400\">&#8220;S<\/span><i><span style=\"font-weight: 400\">ou filha da luz e da gl\u00f3ria. Meu nome \u00e9 Filomena, virgem e m\u00e1rtir.&#8221;<\/span><\/i><\/p>\n<p><a href=\"http:\/\/blog.cancaonova.com\/paisecatequistas\/files\/2025\/08\/santa-filomena.jpg\"><img loading=\"lazy\" decoding=\"async\" class=\"wp-image-19297 alignnone\" src=\"http:\/\/blog.cancaonova.com\/paisecatequistas\/files\/2025\/08\/santa-filomena.jpg\" alt=\"\" width=\"855\" height=\"481\" srcset=\"https:\/\/blog.cancaonova.com\/paisecatequistas\/files\/2025\/08\/santa-filomena.jpg 1920w, https:\/\/blog.cancaonova.com\/paisecatequistas\/files\/2025\/08\/santa-filomena-300x169.jpg 300w, https:\/\/blog.cancaonova.com\/paisecatequistas\/files\/2025\/08\/santa-filomena-768x432.jpg 768w, https:\/\/blog.cancaonova.com\/paisecatequistas\/files\/2025\/08\/santa-filomena-384x216.jpg 384w, https:\/\/blog.cancaonova.com\/paisecatequistas\/files\/2025\/08\/santa-filomena-512x288.jpg 512w, https:\/\/blog.cancaonova.com\/paisecatequistas\/files\/2025\/08\/santa-filomena-1024x576.jpg 1024w, https:\/\/blog.cancaonova.com\/paisecatequistas\/files\/2025\/08\/santa-filomena-1536x864.jpg 1536w\" sizes=\"(max-width: 855px) 100vw, 855px\" \/><\/a><\/p>\n<h3>Curiosidades:<\/h3>\n<ul>\n<li style=\"font-weight: 400\"><span style=\"font-weight: 400\">Cord\u00e3o de Santa Filomena:<\/span><\/li>\n<\/ul>\n<p><span style=\"font-weight: 400\">\u00c9 uma devo\u00e7\u00e3o de usar um cord\u00e3o (de l\u00e3, linho ou algod\u00e3o) com 5 n\u00f3s (3 em uma ponta, e 2 na outra) que simboliza as 5 chagas de Jesus. Atrav\u00e9s dessa devo\u00e7\u00e3o, muitos devotos alcan\u00e7am gra\u00e7as.<\/span><\/p>\n<ul>\n<li style=\"font-weight: 400\"><span style=\"font-weight: 400\">H\u00e1 uma hist\u00f3ria que as rel\u00edquias da santa foram encontradas nas Catacumbas de Santa Priscila em Roma (uma crist\u00e3 de posses que fez uma catacumba para enterrar secretamente os crist\u00e3os da \u00e9poca). No lugar que fecha a tal sepultura estava escrito \u201cLumena Paxte Cumfi\u201d que foi traduzido para \u201cA Paz esteja contigo Filomena\u201d.<\/span><\/li>\n<\/ul>\n","protected":false},"excerpt":{"rendered":"<p>Santa Filomena foi uma jovenzinha do final do s\u00e9culo III que amou tanto a Deus que se consagrou totalmente a Ele. Foi perseguida pelo imperador romano Diocleciano pois se recusou a abandonar sua f\u00e9 e se casar com ele. Por isso, foi torturada de v\u00e1rias maneiras, e de algumas foi milagrosamente preservada. Permaneceu firme em sua f\u00e9 e pureza at\u00e9 o final e sendo m\u00e1rtir, alcan\u00e7ou o C\u00e9u. <a href=\"https:\/\/blog.cancaonova.com\/paisecatequistas\/santa-filomena-princesinha-ceu\/\">Continue lendo <span class=\"meta-nav\">&rarr;<\/span><\/a><\/p>\n","protected":false},"author":4340,"featured_media":19297,"comment_status":"closed","ping_status":"closed","sticky":false,"template":"","format":"standard","meta":{"_mi_skip_tracking":false,"_monsterinsights_sitenote_active":false,"_monsterinsights_sitenote_note":"","_monsterinsights_sitenote_category":0,"footnotes":""},"categories":[200710],"tags":[6351,16619,8001,289789,23254,289790,17350],"_links":{"self":[{"href":"https:\/\/blog.cancaonova.com\/paisecatequistas\/wp-json\/wp\/v2\/posts\/19295"}],"collection":[{"href":"https:\/\/blog.cancaonova.com\/paisecatequistas\/wp-json\/wp\/v2\/posts"}],"about":[{"href":"https:\/\/blog.cancaonova.com\/paisecatequistas\/wp-json\/wp\/v2\/types\/post"}],"author":[{"embeddable":true,"href":"https:\/\/blog.cancaonova.com\/paisecatequistas\/wp-json\/wp\/v2\/users\/4340"}],"replies":[{"embeddable":true,"href":"https:\/\/blog.cancaonova.com\/paisecatequistas\/wp-json\/wp\/v2\/comments?post=19295"}],"version-history":[{"count":3,"href":"https:\/\/blog.cancaonova.com\/paisecatequistas\/wp-json\/wp\/v2\/posts\/19295\/revisions"}],"predecessor-version":[{"id":19300,"href":"https:\/\/blog.cancaonova.com\/paisecatequistas\/wp-json\/wp\/v2\/posts\/19295\/revisions\/19300"}],"wp:featuredmedia":[{"embeddable":true,"href":"https:\/\/blog.cancaonova.com\/paisecatequistas\/wp-json\/wp\/v2\/media\/19297"}],"wp:attachment":[{"href":"https:\/\/blog.cancaonova.com\/paisecatequistas\/wp-json\/wp\/v2\/media?parent=19295"}],"wp:term":[{"taxonomy":"category","embeddable":true,"href":"https:\/\/blog.cancaonova.com\/paisecatequistas\/wp-json\/wp\/v2\/categories?post=19295"},{"taxonomy":"post_tag","embeddable":true,"href":"https:\/\/blog.cancaonova.com\/paisecatequistas\/wp-json\/wp\/v2\/tags?post=19295"}],"curies":[{"name":"wp","href":"https:\/\/api.w.org\/{rel}","templated":true}]}}