{"id":19316,"date":"2025-08-08T13:38:50","date_gmt":"2025-08-08T15:38:50","guid":{"rendered":"https:\/\/blog.cancaonova.com\/paisecatequistas\/?p=19316"},"modified":"2025-08-19T14:07:59","modified_gmt":"2025-08-19T16:07:59","slug":"uma-jornada-de-fe-em-familia","status":"publish","type":"post","link":"https:\/\/blog.cancaonova.com\/paisecatequistas\/uma-jornada-de-fe-em-familia\/","title":{"rendered":"Uma jornada de f\u00e9 em fam\u00edlia"},"content":{"rendered":"<p data-start=\"304\" data-end=\"461\"><strong data-start=\"308\" data-end=\"375\">Prepare-se para a Quaresma de S\u00e3o Miguel com f\u00e9 e muita atividade!<\/strong><br data-start=\"375\" data-end=\"378\" \/>Voc\u00ea j\u00e1 conhece o livro <strong data-start=\"402\" data-end=\"444\">\u201cMinha Quaresma de S\u00e3o Miguel Arcanjo\u201d<\/strong>, da Can\u00e7\u00e3o Nova?<\/p>\n<p data-start=\"463\" data-end=\"713\">Este v\u00eddeo apresenta um convite especial: viver os 40 dias da Quaresma de S\u00e3o Miguel com um guia simples, pr\u00e1tico e cheio de espiritualidade, ideal para\u00a0 quem quer em fam\u00edlia, mergulhar na <strong data-start=\"639\" data-end=\"707\">ora\u00e7\u00e3o, penit\u00eancia e confian\u00e7a na prote\u00e7\u00e3o de S\u00e3o Miguel Arcanjo<\/strong>.<\/p>\n<p data-start=\"463\" data-end=\"713\"><strong>Com atividades para serem feitas em fam\u00edlia de forma pratica e l\u00fadica durante os 40 dias.\u00a0<\/strong><\/p>\n<p data-start=\"863\" data-end=\"962\">Assista ao v\u00eddeo e venha fazer parte desse ex\u00e9rcito espiritual:<\/p>\n<p><iframe loading=\"lazy\" title=\"Livro I Minha Quaresma de S\u00c3\u00a3o Miguel\" width=\"600\" height=\"338\" src=\"https:\/\/www.youtube.com\/embed\/9X4txy40rg0?feature=oembed&amp;rel=0\" frameborder=\"0\" allow=\"accelerometer; autoplay; clipboard-write; encrypted-media; gyroscope; picture-in-picture; web-share\" referrerpolicy=\"strict-origin-when-cross-origin\" allowfullscreen><\/iframe><\/p>\n<p data-start=\"964\" data-end=\"1039\">Garanta j\u00e1 o seu e prepare-se para grandes batalhas\u2026 e grandes vit\u00f3rias!<\/p>\n<p data-start=\"1041\" data-end=\"1152\">\u00a0A Quaresma de S\u00e3o Miguel come\u00e7a em\u00a0<strong data-start=\"1080\" data-end=\"1096\">15 de agosto<\/strong>!<br data-start=\"1097\" data-end=\"1100\" \/>N\u00e3o deixe para depois \u2014\u00a0<strong data-start=\"1124\" data-end=\"1152\">comece bem armado na f\u00e9!<\/strong><\/p>\n","protected":false},"excerpt":{"rendered":"<p>Este v\u00eddeo apresenta um convite especial: viver os 40 dias da Quaresma de S\u00e3o Miguel com um guia simples, pr\u00e1tico e cheio de espiritualidade, ideal para\u00a0 quem quer em fam\u00edlia, mergulhar na ora\u00e7\u00e3o, penit\u00eancia e confian\u00e7a na prote\u00e7\u00e3o de S\u00e3o Miguel Arcanjo.\u00a0 <a href=\"https:\/\/blog.cancaonova.com\/paisecatequistas\/uma-jornada-de-fe-em-familia\/\">Continue lendo <span class=\"meta-nav\">&rarr;<\/span><\/a><\/p>\n","protected":false},"author":4340,"featured_media":19317,"comment_status":"closed","ping_status":"closed","sticky":false,"template":"","format":"standard","meta":{"_mi_skip_tracking":false,"_monsterinsights_sitenote_active":false,"_monsterinsights_sitenote_note":"","_monsterinsights_sitenote_category":0,"footnotes":""},"categories":[200710],"tags":[18813,24005,5011,16619,8001,2551,18235,18385],"_links":{"self":[{"href":"https:\/\/blog.cancaonova.com\/paisecatequistas\/wp-json\/wp\/v2\/posts\/19316"}],"collection":[{"href":"https:\/\/blog.cancaonova.com\/paisecatequistas\/wp-json\/wp\/v2\/posts"}],"about":[{"href":"https:\/\/blog.cancaonova.com\/paisecatequistas\/wp-json\/wp\/v2\/types\/post"}],"author":[{"embeddable":true,"href":"https:\/\/blog.cancaonova.com\/paisecatequistas\/wp-json\/wp\/v2\/users\/4340"}],"replies":[{"embeddable":true,"href":"https:\/\/blog.cancaonova.com\/paisecatequistas\/wp-json\/wp\/v2\/comments?post=19316"}],"version-history":[{"count":2,"href":"https:\/\/blog.cancaonova.com\/paisecatequistas\/wp-json\/wp\/v2\/posts\/19316\/revisions"}],"predecessor-version":[{"id":19404,"href":"https:\/\/blog.cancaonova.com\/paisecatequistas\/wp-json\/wp\/v2\/posts\/19316\/revisions\/19404"}],"wp:featuredmedia":[{"embeddable":true,"href":"https:\/\/blog.cancaonova.com\/paisecatequistas\/wp-json\/wp\/v2\/media\/19317"}],"wp:attachment":[{"href":"https:\/\/blog.cancaonova.com\/paisecatequistas\/wp-json\/wp\/v2\/media?parent=19316"}],"wp:term":[{"taxonomy":"category","embeddable":true,"href":"https:\/\/blog.cancaonova.com\/paisecatequistas\/wp-json\/wp\/v2\/categories?post=19316"},{"taxonomy":"post_tag","embeddable":true,"href":"https:\/\/blog.cancaonova.com\/paisecatequistas\/wp-json\/wp\/v2\/tags?post=19316"}],"curies":[{"name":"wp","href":"https:\/\/api.w.org\/{rel}","templated":true}]}}