{"id":19350,"date":"2025-08-14T12:43:03","date_gmt":"2025-08-14T14:43:03","guid":{"rendered":"https:\/\/blog.cancaonova.com\/paisecatequistas\/?p=19350"},"modified":"2025-09-11T09:17:08","modified_gmt":"2025-09-11T11:17:08","slug":"vamos-juntos-evangelizar-especial-30-anos-cantinho-da-crianca","status":"publish","type":"post","link":"https:\/\/blog.cancaonova.com\/paisecatequistas\/vamos-juntos-evangelizar-especial-30-anos-cantinho-da-crianca\/","title":{"rendered":"Vamos juntos evangelizar! | Especial 30 anos do Cantinho da Crian\u00e7a"},"content":{"rendered":"<h2 data-start=\"190\" data-end=\"248\"><strong data-start=\"193\" data-end=\"248\">30 anos de aventuras! Vem com a gente evangelizar!<\/strong><\/h2>\n<p data-start=\"1021\" data-end=\"1234\"><strong data-start=\"1245\" data-end=\"1289\">Mais do que um programa, um espa\u00e7o de f\u00e9<\/strong><\/p>\n<p data-start=\"1021\" data-end=\"1234\">Desde sua estreia, em 15 de agosto, o programa nunca saiu da grade da TV Can\u00e7\u00e3o Nova, tornando-se uma <strong data-start=\"527\" data-end=\"571\">refer\u00eancia para crian\u00e7as e suas fam\u00edlias<\/strong>\u00a0na transmiss\u00e3o dos\u00a0<strong data-start=\"591\" data-end=\"611\">valores crist\u00e3os<\/strong>\u00a0de forma\u00a0<strong data-start=\"621\" data-end=\"661\">l\u00fadica, acess\u00edvel e cheia de alegria<\/strong>.<\/p>\n<p data-start=\"1293\" data-end=\"1529\">S\u00e3o <strong data-start=\"1297\" data-end=\"1342\">30 anos evangelizando crian\u00e7as e fam\u00edlias<br \/>\n<\/strong><br data-start=\"1343\" data-end=\"1346\" \/>O <em data-start=\"1348\" data-end=\"1369\">Cantinho da Crian\u00e7a<\/em> \u00e9 mais do que um programa, <strong data-start=\"1397\" data-end=\"1527\">\u00e9 um espa\u00e7o onde a f\u00e9, a alegria e os valores crist\u00e3os entram no cora\u00e7\u00e3o dos pequenos de forma simples, profunda e verdadeira.<\/strong><\/p>\n<p data-start=\"1531\" data-end=\"1818\">Essa homenagem refor\u00e7a o compromisso da Can\u00e7\u00e3o Nova em <strong data-start=\"1586\" data-end=\"1663\">continuar investindo em conte\u00fados que formem e inspirem as novas gera\u00e7\u00f5es<\/strong>, sempre com base na <strong data-start=\"1684\" data-end=\"1699\">f\u00e9 cat\u00f3lica<\/strong> e na <strong data-start=\"1705\" data-end=\"1756\">miss\u00e3o evangelizadora da Comunidade Can\u00e7\u00e3o Nova<\/strong>, levando adiante o legado deixado por <strong data-start=\"1795\" data-end=\"1816\">Padre Jonas Abib:<\/strong><\/p>\n<blockquote data-start=\"1819\" data-end=\"1863\">\n<h3 data-start=\"1821\" data-end=\"1863\"><em>\u201cFormar homens novos para o mundo novo\u201d<\/em><\/h3>\n<\/blockquote>\n<p><iframe loading=\"lazy\" title=\"Lan\u00c3\u00a7amento I Vamos Juntos Evangelizar I Especial 30 Anos\" width=\"600\" height=\"338\" src=\"https:\/\/www.youtube.com\/embed\/PJab0Dm_XkE?feature=oembed&amp;rel=0\" frameborder=\"0\" allow=\"accelerometer; autoplay; clipboard-write; encrypted-media; gyroscope; picture-in-picture; web-share\" referrerpolicy=\"strict-origin-when-cross-origin\" allowfullscreen><\/iframe><\/p>\n","protected":false},"excerpt":{"rendered":"<p>No dia 15 de agosto, a Can\u00e7\u00e3o Nova Kids comemora uma data muito especial: os 30 anos do programa &#8220;Cantinho da Crian\u00e7a&#8221;, um verdadeiro marco na evangeliza\u00e7\u00e3o infantil no Brasil. <a href=\"https:\/\/blog.cancaonova.com\/paisecatequistas\/vamos-juntos-evangelizar-especial-30-anos-cantinho-da-crianca\/\">Continue lendo <span class=\"meta-nav\">&rarr;<\/span><\/a><\/p>\n","protected":false},"author":4340,"featured_media":19351,"comment_status":"closed","ping_status":"closed","sticky":false,"template":"","format":"standard","meta":{"_mi_skip_tracking":false,"_monsterinsights_sitenote_active":false,"_monsterinsights_sitenote_note":"","_monsterinsights_sitenote_category":0,"footnotes":""},"categories":[200710],"tags":[289794,16619,8001,7671,8181,37118,3691],"_links":{"self":[{"href":"https:\/\/blog.cancaonova.com\/paisecatequistas\/wp-json\/wp\/v2\/posts\/19350"}],"collection":[{"href":"https:\/\/blog.cancaonova.com\/paisecatequistas\/wp-json\/wp\/v2\/posts"}],"about":[{"href":"https:\/\/blog.cancaonova.com\/paisecatequistas\/wp-json\/wp\/v2\/types\/post"}],"author":[{"embeddable":true,"href":"https:\/\/blog.cancaonova.com\/paisecatequistas\/wp-json\/wp\/v2\/users\/4340"}],"replies":[{"embeddable":true,"href":"https:\/\/blog.cancaonova.com\/paisecatequistas\/wp-json\/wp\/v2\/comments?post=19350"}],"version-history":[{"count":6,"href":"https:\/\/blog.cancaonova.com\/paisecatequistas\/wp-json\/wp\/v2\/posts\/19350\/revisions"}],"predecessor-version":[{"id":19547,"href":"https:\/\/blog.cancaonova.com\/paisecatequistas\/wp-json\/wp\/v2\/posts\/19350\/revisions\/19547"}],"wp:featuredmedia":[{"embeddable":true,"href":"https:\/\/blog.cancaonova.com\/paisecatequistas\/wp-json\/wp\/v2\/media\/19351"}],"wp:attachment":[{"href":"https:\/\/blog.cancaonova.com\/paisecatequistas\/wp-json\/wp\/v2\/media?parent=19350"}],"wp:term":[{"taxonomy":"category","embeddable":true,"href":"https:\/\/blog.cancaonova.com\/paisecatequistas\/wp-json\/wp\/v2\/categories?post=19350"},{"taxonomy":"post_tag","embeddable":true,"href":"https:\/\/blog.cancaonova.com\/paisecatequistas\/wp-json\/wp\/v2\/tags?post=19350"}],"curies":[{"name":"wp","href":"https:\/\/api.w.org\/{rel}","templated":true}]}}