{"id":19421,"date":"2025-08-25T09:50:13","date_gmt":"2025-08-25T11:50:13","guid":{"rendered":"https:\/\/blog.cancaonova.com\/paisecatequistas\/?p=19421"},"modified":"2025-08-25T11:21:46","modified_gmt":"2025-08-25T13:21:46","slug":"cancao-nova-kids-30-anos-de-aventura","status":"publish","type":"post","link":"https:\/\/blog.cancaonova.com\/paisecatequistas\/cancao-nova-kids-30-anos-de-aventura\/","title":{"rendered":"Vamos juntos celebrar!"},"content":{"rendered":"<p data-start=\"345\" data-end=\"686\">Celebramos, com alegria, uma conquista incr\u00edvel: <strong data-start=\"397\" data-end=\"433\">30 anos de \u201cCantinho da Crian\u00e7a\u201d<\/strong> em nossa programa\u00e7\u00e3o! Desde a sua estreia, este espa\u00e7o especial para as crian\u00e7as na Radio e na TV Can\u00e7\u00e3o Nova, na forma\u00e7\u00e3o espiritual das nossas crian\u00e7as, unindo alegria, f\u00e9 e valores cat\u00f3licos de forma envolvente e acess\u00edvel para cada fam\u00edlia.<\/p>\n<p data-start=\"345\" data-end=\"686\">Um sonho de Padre Jonas Abib que se tornou realidade!<\/p>\n<p data-start=\"1089\" data-end=\"1344\">Convidamos voc\u00eas a <strong data-start=\"1108\" data-end=\"1122\">assistir<\/strong> ao v\u00eddeo comemorativo e reviver conosco os melhores momentos dessa jornada. Que possamos nos unir, como comunidade de f\u00e9, inspirando nossas crian\u00e7as por meio desse legado que pulsa com amor, esperan\u00e7a e espiritualidade.<\/p>\n<p data-start=\"1346\" data-end=\"1395\"><strong data-start=\"1346\" data-end=\"1395\">Sigamos juntos nessa aventura de evangeliza\u00e7\u00e3o!<\/strong><\/p>\n<p><iframe loading=\"lazy\" title=\"30 anos de Aventuras l Especial Cantinho da Crian\u00c3\u00a7a\" width=\"600\" height=\"338\" src=\"https:\/\/www.youtube.com\/embed\/apDorPhgcy8?feature=oembed&amp;rel=0\" frameborder=\"0\" allow=\"accelerometer; autoplay; clipboard-write; encrypted-media; gyroscope; picture-in-picture; web-share\" referrerpolicy=\"strict-origin-when-cross-origin\" allowfullscreen><\/iframe><\/p>\n","protected":false},"excerpt":{"rendered":"<p>Celebramos com alegria uma conquista incr\u00edvel: 30 anos de \u201cCantinho da Crian\u00e7a\u201d em nossa programa\u00e7\u00e3o! Desde a sua estreia, este espa\u00e7o especial para as crian\u00e7as na Radio e Tv Can\u00e7\u00e3o Nova.\u00a0 na forma\u00e7\u00e3o espiritual das nossas crian\u00e7as, unindo alegria, f\u00e9 e valores cat\u00f3licos de forma envolvente e acess\u00edvel para cada fam\u00edlia. <a href=\"https:\/\/blog.cancaonova.com\/paisecatequistas\/cancao-nova-kids-30-anos-de-aventura\/\">Continue lendo <span class=\"meta-nav\">&rarr;<\/span><\/a><\/p>\n","protected":false},"author":4340,"featured_media":19422,"comment_status":"closed","ping_status":"closed","sticky":false,"template":"","format":"standard","meta":{"_mi_skip_tracking":false,"_monsterinsights_sitenote_active":false,"_monsterinsights_sitenote_note":"","_monsterinsights_sitenote_category":0,"footnotes":""},"categories":[200710],"tags":[289794,5011,16619,8001,7671,18235],"_links":{"self":[{"href":"https:\/\/blog.cancaonova.com\/paisecatequistas\/wp-json\/wp\/v2\/posts\/19421"}],"collection":[{"href":"https:\/\/blog.cancaonova.com\/paisecatequistas\/wp-json\/wp\/v2\/posts"}],"about":[{"href":"https:\/\/blog.cancaonova.com\/paisecatequistas\/wp-json\/wp\/v2\/types\/post"}],"author":[{"embeddable":true,"href":"https:\/\/blog.cancaonova.com\/paisecatequistas\/wp-json\/wp\/v2\/users\/4340"}],"replies":[{"embeddable":true,"href":"https:\/\/blog.cancaonova.com\/paisecatequistas\/wp-json\/wp\/v2\/comments?post=19421"}],"version-history":[{"count":4,"href":"https:\/\/blog.cancaonova.com\/paisecatequistas\/wp-json\/wp\/v2\/posts\/19421\/revisions"}],"predecessor-version":[{"id":19438,"href":"https:\/\/blog.cancaonova.com\/paisecatequistas\/wp-json\/wp\/v2\/posts\/19421\/revisions\/19438"}],"wp:featuredmedia":[{"embeddable":true,"href":"https:\/\/blog.cancaonova.com\/paisecatequistas\/wp-json\/wp\/v2\/media\/19422"}],"wp:attachment":[{"href":"https:\/\/blog.cancaonova.com\/paisecatequistas\/wp-json\/wp\/v2\/media?parent=19421"}],"wp:term":[{"taxonomy":"category","embeddable":true,"href":"https:\/\/blog.cancaonova.com\/paisecatequistas\/wp-json\/wp\/v2\/categories?post=19421"},{"taxonomy":"post_tag","embeddable":true,"href":"https:\/\/blog.cancaonova.com\/paisecatequistas\/wp-json\/wp\/v2\/tags?post=19421"}],"curies":[{"name":"wp","href":"https:\/\/api.w.org\/{rel}","templated":true}]}}