{"id":19449,"date":"2025-08-25T15:35:36","date_gmt":"2025-08-25T17:35:36","guid":{"rendered":"https:\/\/blog.cancaonova.com\/paisecatequistas\/?p=19449"},"modified":"2025-08-25T16:27:00","modified_gmt":"2025-08-25T18:27:00","slug":"quaresma-de-sao-miguel-arcanjo-13o-dia","status":"publish","type":"post","link":"https:\/\/blog.cancaonova.com\/paisecatequistas\/quaresma-de-sao-miguel-arcanjo-13o-dia\/","title":{"rendered":"Quaresma de S\u00e3o Miguel Arcanjo - 13\u00ba Dia"},"content":{"rendered":"<p>Que bom estarmos juntos para o nosso 13\u00ba dia da Quaresma de S\u00e3o Miguel Arcanjo, que est\u00e1 no livro: <a href=\"https:\/\/loja.cancaonova.com\/livro-minha-quaresma-de-sao-miguel\">Minha Quaresma de S\u00e3o Miguel<\/a>. Ele est\u00e1 dispon\u00edvel na <a href=\"https:\/\/loja.cancaonova.com\/livro-minha-quaresma-de-sao-miguel\">Loja Can\u00e7\u00e3o Nova.<\/a><\/p>\n<p>Voc\u00ea sabia que, no Livro &#8216;Minha Quaresma de S\u00e3o Miguel&#8217;, h\u00e1 ora\u00e7\u00f5es, um lindo calend\u00e1rio que voc\u00ea marca e anota as a\u00e7\u00f5es de cada dia, a qual voc\u00ea descobre a partir de um cubo com as imagens dos Santos Arcanjos. Mas n\u00e3o \u00e9 s\u00f3 isso. H\u00e1 tamb\u00e9m uma linda Capelinha para deixar seu altarzinho de S\u00e3o Miguel Arcanjo muito mais bonito!<\/p>\n<p>Voc\u00ea j\u00e1 tem o seu? Partilhe conosco a foto.<\/p>\n<p>Acesse o nosso Instagram &#8211; <a href=\"https:\/\/www.instagram.com\/cancaonovakids\/\">@can\u00e7aonovakids<\/a><\/p>\n<p><iframe loading=\"lazy\" title=\"13\u00c2\u00ba dia I Quaresma de S\u00c3\u00a3o Miguel para Crian\u00c3\u00a7as\" width=\"600\" height=\"338\" src=\"https:\/\/www.youtube.com\/embed\/ouT3kfHPjmg?feature=oembed&amp;rel=0\" frameborder=\"0\" allow=\"accelerometer; autoplay; clipboard-write; encrypted-media; gyroscope; picture-in-picture; web-share\" referrerpolicy=\"strict-origin-when-cross-origin\" allowfullscreen><\/iframe><\/p>\n<p class=\"cvGsUA direction-ltr align-center para-style-body\" style=\"text-align: left\"><span style=\"color: #0000ff\"><strong><span class=\"a_GcMg font-feature-liga-off font-feature-clig-off font-feature-calt-off text-decoration-none text-strikethrough-none\">Prepare o ambiente:<\/span><\/strong><\/span><\/p>\n<ul>\n<li class=\"cvGsUA direction-ltr align-center para-style-body\" style=\"text-align: left\"><span class=\"a_GcMg font-feature-liga-off font-feature-clig-off font-feature-calt-off text-decoration-none text-strikethrough-none\">Uma imagem (pode ser impressa ou no celular) de S\u00e3o Miguel Arcanjo;<\/span><\/li>\n<li class=\"cvGsUA direction-ltr align-center para-style-body\" style=\"text-align: left\"><span class=\"a_GcMg font-feature-liga-off font-feature-clig-off font-feature-calt-off text-decoration-none text-strikethrough-none\">Uma vela aben\u00e7oada;<\/span><\/li>\n<li class=\"cvGsUA direction-ltr align-center para-style-body\" style=\"text-align: left\"><span class=\"a_GcMg font-feature-liga-off font-feature-clig-off font-feature-calt-off text-decoration-none text-strikethrough-none\">Ora\u00e7\u00f5es a partir da p\u00e1gina 58;<\/span><\/li>\n<li class=\"cvGsUA direction-ltr align-center para-style-body\" style=\"text-align: left\"><span class=\"a_GcMg font-feature-liga-off font-feature-clig-off font-feature-calt-off text-decoration-none text-strikethrough-none\">Escolha uma penit\u00eancia para viver os 40 dias da Quaresma.<\/span><\/li>\n<\/ul>\n<p class=\"cvGsUA direction-ltr align-center para-style-body\" style=\"text-align: left\"><span style=\"color: #0000ff\"><strong><span class=\"a_GcMg font-feature-liga-off font-feature-clig-off font-feature-calt-off text-decoration-none text-strikethrough-none\">Ora\u00e7\u00f5es<\/span><\/strong><\/span><\/p>\n<p class=\"cvGsUA direction-ltr align-center para-style-body\" style=\"text-align: left\"><span class=\"a_GcMg font-feature-liga-off font-feature-clig-off font-feature-calt-off text-decoration-none text-strikethrough-none\">Em nome do Pai, do Filho e do Esp\u00edrito Santo. Am\u00e9m.<\/span><\/p>\n<p class=\"cvGsUA direction-ltr align-center para-style-body\" style=\"text-align: left\"><strong><span class=\"a_GcMg font-feature-liga-off font-feature-clig-off font-feature-calt-off text-decoration-none text-strikethrough-none\" style=\"color: #0000ff\">Ora\u00e7\u00e3o inicial<\/span><\/strong><\/p>\n<p class=\"cvGsUA direction-ltr align-center para-style-body\" style=\"text-align: left\"><span class=\"a_GcMg font-feature-liga-off font-feature-clig-off font-feature-calt-off text-decoration-none text-strikethrough-none\">S\u00e3o Miguel Arcanjo, defendei-nos no combate, sede o nosso ref\u00fagio contra as maldades e ciladas do dem\u00f4nio. Ordene-lhe, Deus, instantemente o pedimos. E v\u00f3s, pr\u00edncipe da mil\u00edcia celeste, pela virtude divina, precipitai ao inferno satan\u00e1s e os outros esp\u00edritos malignos que andam pelo mundo para perder as almas. Am\u00e9m.<\/span><\/p>\n<p class=\"cvGsUA direction-ltr align-start para-style-body\" style=\"text-align: left\"><span class=\"a_GcMg font-feature-liga-off font-feature-clig-off font-feature-calt-off text-decoration-none text-strikethrough-none\">Sacrat\u00edssimo Cora\u00e7\u00e3o de Jesus (3 vezes)<\/span><\/p>\n<p class=\"cvGsUA direction-ltr align-start para-style-body\" style=\"text-align: left\"><strong><span class=\"a_GcMg font-feature-liga-off font-feature-clig-off font-feature-calt-off text-decoration-none text-strikethrough-none\">Ladainha de S\u00e3o Miguel Arcanjo<\/span><\/strong><\/p>\n<p class=\"cvGsUA direction-ltr align-start para-style-body\" style=\"text-align: left\"><span class=\"a_GcMg font-feature-liga-off font-feature-clig-off font-feature-calt-off text-decoration-none text-strikethrough-none\">Senhor, tende piedade de n\u00f3s.<\/span><\/p>\n<p class=\"cvGsUA direction-ltr align-start para-style-body\" style=\"text-align: left\"><span class=\"a_GcMg font-feature-liga-off font-feature-clig-off font-feature-calt-off text-decoration-none text-strikethrough-none\">Jesus Cristo, tende piedade de n\u00f3s.<\/span><\/p>\n<p class=\"cvGsUA direction-ltr align-start para-style-body\" style=\"text-align: left\"><span class=\"a_GcMg font-feature-liga-off font-feature-clig-off font-feature-calt-off text-decoration-none text-strikethrough-none\">Senhor, tende piedade de n\u00f3s.<\/span><\/p>\n<p class=\"cvGsUA direction-ltr align-start para-style-body\" style=\"text-align: left\"><span class=\"a_GcMg font-feature-liga-off font-feature-clig-off font-feature-calt-off text-decoration-none text-strikethrough-none\">Jesus Cristo, ouvi-nos.<\/span><\/p>\n<p class=\"cvGsUA direction-ltr align-start para-style-body\" style=\"text-align: left\"><span class=\"a_GcMg font-feature-liga-off font-feature-clig-off font-feature-calt-off text-decoration-none text-strikethrough-none\">Jesus Cristo, atendei-nos.<\/span><\/p>\n<p class=\"cvGsUA direction-ltr align-start para-style-body\" style=\"text-align: left\"><span class=\"a_GcMg font-feature-liga-off font-feature-clig-off font-feature-calt-off text-decoration-none text-strikethrough-none\">Pai Celeste, que sois Deus, tende piedade de n\u00f3s.<\/span><\/p>\n<p class=\"cvGsUA direction-ltr align-start para-style-body\" style=\"text-align: left\"><span class=\"a_GcMg font-feature-liga-off font-feature-clig-off font-feature-calt-off text-decoration-none text-strikethrough-none\">Filho Redentor do Mundo, que sois Deus, tende piedade de n\u00f3s.<\/span><\/p>\n<p class=\"cvGsUA direction-ltr align-start para-style-body\" style=\"text-align: left\"><span class=\"a_GcMg font-feature-liga-off font-feature-clig-off font-feature-calt-off text-decoration-none text-strikethrough-none\">Esp\u00edrito Santo, que sois Deus, tende piedade de n\u00f3s.<\/span><\/p>\n<p class=\"cvGsUA direction-ltr align-start para-style-body\" style=\"text-align: left\"><span class=\"a_GcMg font-feature-liga-off font-feature-clig-off font-feature-calt-off text-decoration-none text-strikethrough-none\">Trindade Santa, que sois um \u00fanico Deus, tende piedade de n\u00f3s.<\/span><\/p>\n<p class=\"cvGsUA direction-ltr align-start para-style-body\" style=\"text-align: left\"><span class=\"a_GcMg font-feature-liga-off font-feature-clig-off font-feature-calt-off text-decoration-none text-strikethrough-none\">Santa Maria, Rainha dos Anjos, rogai por n\u00f3s.<\/span><\/p>\n<p class=\"cvGsUA direction-ltr align-start para-style-body\" style=\"text-align: left\"><span class=\"a_GcMg font-feature-liga-off font-feature-clig-off font-feature-calt-off text-decoration-none text-strikethrough-none\">S\u00e3o Miguel, rogai por n\u00f3s.<\/span><\/p>\n<p class=\"cvGsUA direction-ltr align-start para-style-body\" style=\"text-align: left\"><span class=\"a_GcMg font-feature-liga-off font-feature-clig-off font-feature-calt-off text-decoration-none text-strikethrough-none\">S\u00e3o Miguel, cheio da gra\u00e7a de Deus, rogai por n\u00f3s.<\/span><\/p>\n<p class=\"cvGsUA direction-ltr align-start para-style-body\" style=\"text-align: left\"><span class=\"a_GcMg font-feature-liga-off font-feature-clig-off font-feature-calt-off text-decoration-none text-strikethrough-none\">S\u00e3o Miguel, perfeito adorador do Verbo Divino, rogai por n\u00f3s.<\/span><\/p>\n<p class=\"cvGsUA direction-ltr align-start para-style-body\" style=\"text-align: left\"><span class=\"a_GcMg font-feature-liga-off font-feature-clig-off font-feature-calt-off text-decoration-none text-strikethrough-none\">S\u00e3o Miguel, coroado de honra e de gl\u00f3ria, rogai por n\u00f3s.<\/span><\/p>\n<p class=\"cvGsUA direction-ltr align-start para-style-body\" style=\"text-align: left\"><span class=\"a_GcMg font-feature-liga-off font-feature-clig-off font-feature-calt-off text-decoration-none text-strikethrough-none\">S\u00e3o Miguel, poderos\u00edssimo pr\u00edncipe dos ex\u00e9rcitos do Senhor, rogai por n\u00f3s.<\/span><\/p>\n<p class=\"cvGsUA direction-ltr align-start para-style-body\" style=\"text-align: left\"><span class=\"a_GcMg font-feature-liga-off font-feature-clig-off font-feature-calt-off text-decoration-none text-strikethrough-none\">S\u00e3o Miguel, porta-estandarte da Sant\u00edssima Trindade, rogai por n\u00f3s.<\/span><\/p>\n<p class=\"cvGsUA direction-ltr align-start para-style-body\" style=\"text-align: left\"><span class=\"a_GcMg font-feature-liga-off font-feature-clig-off font-feature-calt-off text-decoration-none text-strikethrough-none\">S\u00e3o Miguel, guardi\u00e3o do Para\u00edso, rogai por n\u00f3s.<\/span><\/p>\n<p class=\"cvGsUA direction-ltr align-start para-style-body\" style=\"text-align: left\"><span class=\"a_GcMg font-feature-liga-off font-feature-clig-off font-feature-calt-off text-decoration-none text-strikethrough-none\">S\u00e3o Miguel, guia e consolador do povo israelita, rogai por n\u00f3s.<\/span><\/p>\n<p class=\"cvGsUA direction-ltr align-start para-style-body\" style=\"text-align: left\"><span class=\"a_GcMg font-feature-liga-off font-feature-clig-off font-feature-calt-off text-decoration-none text-strikethrough-none\">S\u00e3o Miguel, esplendor e fortaleza da Igreja militante, rogai por n\u00f3s.<\/span><\/p>\n<p class=\"cvGsUA direction-ltr align-start para-style-body\" style=\"text-align: left\"><span class=\"a_GcMg font-feature-liga-off font-feature-clig-off font-feature-calt-off text-decoration-none text-strikethrough-none\">S\u00e3o Miguel, honra e alegria da Igreja triunfante, rogai por n\u00f3s.<\/span><\/p>\n<p class=\"cvGsUA direction-ltr align-start para-style-body\" style=\"text-align: left\"><span class=\"a_GcMg font-feature-liga-off font-feature-clig-off font-feature-calt-off text-decoration-none text-strikethrough-none\">S\u00e3o Miguel, luz dos anjos, rogai por n\u00f3s.<\/span><\/p>\n<p class=\"cvGsUA direction-ltr align-start para-style-body\" style=\"text-align: left\"><span class=\"a_GcMg font-feature-liga-off font-feature-clig-off font-feature-calt-off text-decoration-none text-strikethrough-none\">S\u00e3o Miguel, baluarte dos crist\u00e3os, rogai por n\u00f3s.<\/span><\/p>\n<p class=\"cvGsUA direction-ltr align-start para-style-body\" style=\"text-align: left\"><span class=\"a_GcMg font-feature-liga-off font-feature-clig-off font-feature-calt-off text-decoration-none text-strikethrough-none\">S\u00e3o Miguel, for\u00e7a daqueles que combatem pelo estandarte da cruz, rogai por n\u00f3s.<\/span><\/p>\n<p class=\"cvGsUA direction-ltr align-start para-style-body\" style=\"text-align: left\"><span class=\"a_GcMg font-feature-liga-off font-feature-clig-off font-feature-calt-off text-decoration-none text-strikethrough-none\">S\u00e3o Miguel, luz e confian\u00e7a das almas no \u00faltimo momento da vida, rogai por n\u00f3s.<\/span><\/p>\n<p class=\"cvGsUA direction-ltr align-start para-style-body\" style=\"text-align: left\"><span class=\"a_GcMg font-feature-liga-off font-feature-clig-off font-feature-calt-off text-decoration-none text-strikethrough-none\">S\u00e3o Miguel, socorro muito certo, rogai por n\u00f3s.<\/span><\/p>\n<p class=\"cvGsUA direction-ltr align-start para-style-body\" style=\"text-align: left\"><span class=\"a_GcMg font-feature-liga-off font-feature-clig-off font-feature-calt-off text-decoration-none text-strikethrough-none\">S\u00e3o Miguel, nosso aux\u00edlio em todas as adversidades, rogai por n\u00f3s.<\/span><\/p>\n<p class=\"cvGsUA direction-ltr align-start para-style-body\" style=\"text-align: left\"><span class=\"a_GcMg font-feature-liga-off font-feature-clig-off font-feature-calt-off text-decoration-none text-strikethrough-none\">S\u00e3o Miguel, arauto da senten\u00e7a eterna, rogai por n\u00f3s.<\/span><\/p>\n<p class=\"cvGsUA direction-ltr align-start para-style-body\" style=\"text-align: left\"><span class=\"a_GcMg font-feature-liga-off font-feature-clig-off font-feature-calt-off text-decoration-none text-strikethrough-none\">S\u00e3o Miguel, consolador das almas que est\u00e3o no Purgat\u00f3rio, rogai por n\u00f3s.<\/span><\/p>\n<p class=\"cvGsUA direction-ltr align-start para-style-body\" style=\"text-align: left\"><span class=\"a_GcMg font-feature-liga-off font-feature-clig-off font-feature-calt-off text-decoration-none text-strikethrough-none\">S\u00e3o Miguel, a quem o Senhor incumbiu de receber as almas que est\u00e3o no Purgat\u00f3rio, rogai por n\u00f3s.<\/span><\/p>\n<p class=\"cvGsUA direction-ltr align-start para-style-body\" style=\"text-align: left\"><span class=\"a_GcMg font-feature-liga-off font-feature-clig-off font-feature-calt-off text-decoration-none text-strikethrough-none\">S\u00e3o Miguel, nosso pr\u00edncipe, rogai por n\u00f3s.<\/span><\/p>\n<p class=\"cvGsUA direction-ltr align-start para-style-body\" style=\"text-align: left\"><span class=\"a_GcMg font-feature-liga-off font-feature-clig-off font-feature-calt-off text-decoration-none text-strikethrough-none\">S\u00e3o Miguel, nosso advogado, rogai por n\u00f3s.<\/span><\/p>\n<p class=\"cvGsUA direction-ltr align-start para-style-body\" style=\"text-align: left\"><span class=\"a_GcMg font-feature-liga-off font-feature-clig-off font-feature-calt-off text-decoration-none text-strikethrough-none\">Cordeiro de Deus, que tirais o pecado do mundo, perdoai-nos, Senhor,<\/span><\/p>\n<p class=\"cvGsUA direction-ltr align-start para-style-body\" style=\"text-align: left\"><span class=\"a_GcMg font-feature-liga-off font-feature-clig-off font-feature-calt-off text-decoration-none text-strikethrough-none\">Cordeiro de Deus, que tirais o pecado do mundo, ouvi-nos, Senhor.<\/span><\/p>\n<p class=\"cvGsUA direction-ltr align-start para-style-body\" style=\"text-align: left\"><span class=\"a_GcMg font-feature-liga-off font-feature-clig-off font-feature-calt-off text-decoration-none text-strikethrough-none\">Cordeiro de Deus, que tirais o pecado do mundo, tende piedade de n\u00f3s, Senhor.<\/span><\/p>\n<p class=\"cvGsUA direction-ltr align-start para-style-body\" style=\"text-align: left\"><span class=\"a_GcMg font-feature-liga-off font-feature-clig-off font-feature-calt-off text-decoration-none text-strikethrough-none\">Rogai por n\u00f3s, \u00f3 glorioso S\u00e3o Miguel, Pr\u00edncipe da Igreja de Cristo, para que sejamos dignos de Suas promessas.<\/span><\/p>\n<p class=\"cvGsUA direction-ltr align-center para-style-body\" style=\"text-align: left\"><strong><span class=\"a_GcMg font-feature-liga-off font-feature-clig-off font-feature-calt-off text-decoration-none text-strikethrough-none\" style=\"color: #0000ff\">Ora\u00e7\u00e3o<\/span><\/strong><\/p>\n<p class=\"cvGsUA direction-ltr align-justify para-style-body\" style=\"text-align: left\"><span class=\"a_GcMg font-feature-liga-off font-feature-clig-off font-feature-calt-off text-decoration-none text-strikethrough-none\">Senhor Jesus, santificai-nos, por uma b\u00ean\u00e7\u00e3o sempre nova, e concedei-nos, pela intercess\u00e3o de S\u00e3o Miguel, esta sabedoria que nos ensina a juntar riquezas do C\u00e9u e a trocar os bens do tempo presente pelos da eternidade. V\u00f3s que viveis e reinais em todos os s\u00e9culos dos s\u00e9culos.<\/span><\/p>\n<p class=\"cvGsUA direction-ltr align-center para-style-body\" style=\"text-align: left\"><span class=\"a_GcMg font-feature-liga-off font-feature-clig-off font-feature-calt-off text-decoration-none text-strikethrough-none\">1 Pai-Nosso em honra de S\u00e3o Gabriel Arcanjo.<\/span><\/p>\n<p class=\"cvGsUA direction-ltr align-center para-style-body\" style=\"text-align: left\"><span class=\"a_GcMg font-feature-liga-off font-feature-clig-off font-feature-calt-off text-decoration-none text-strikethrough-none\">1 Pai-Nosso em honra de S\u00e3o Miguel Arcanjo.<\/span><\/p>\n<p class=\"cvGsUA direction-ltr align-center para-style-body\" style=\"text-align: left\"><span class=\"a_GcMg font-feature-liga-off font-feature-clig-off font-feature-calt-off text-decoration-none text-strikethrough-none\">1 Pai-Nosso em honra de S\u00e3o Rafael Arcanjo.<\/span><\/p>\n<p class=\"cvGsUA direction-ltr align-center para-style-body\" style=\"text-align: left\"><span class=\"a_GcMg font-feature-liga-off font-feature-clig-off font-feature-calt-off text-decoration-none text-strikethrough-none\">1 Pai-Nosso em honra ao Anjo da Guarda.<\/span><\/p>\n<p class=\"cvGsUA direction-ltr align-justify para-style-body\" style=\"text-align: left\"><span class=\"a_GcMg font-feature-liga-off font-feature-clig-off font-feature-calt-off text-decoration-none text-strikethrough-none\">Glorios\u00edssimo S\u00e3o Miguel, chefe e pr\u00edncipe dos ex\u00e9rcitos celestes, fiel guardi\u00e3o das almas, vencedor dos esp\u00edritos rebeldes, amado da casa de Deus, nosso admir\u00e1vel guia depois de Cristo; v\u00f3s, cuja excel\u00eancia e virtudes s\u00e3o eminent\u00edssimas, dignai-vos livrar-nos de todos os males, n\u00f3s todos que recorremos a v\u00f3s com confian\u00e7a, e fazei pela vossa incompar\u00e1vel prote\u00e7\u00e3o, que adiantemos cada dia mais na fidelidade em servir a Deus.<\/span><\/p>\n<p class=\"cvGsUA direction-ltr align-center para-style-body\" style=\"text-align: left\"><span class=\"a_GcMg font-feature-liga-off font-feature-clig-off font-feature-calt-off text-decoration-none text-strikethrough-none\">V. Rogai por n\u00f3s, \u00f3 bem-aventurado S\u00e3o Miguel, pr\u00edncipe da Igreja de Cristo.<\/span><\/p>\n<p class=\"cvGsUA direction-ltr align-center para-style-body\" style=\"text-align: left\"><span class=\"a_GcMg font-feature-liga-off font-feature-clig-off font-feature-calt-off text-decoration-none text-strikethrough-none\">R. Para que sejamos dignos de suas promessas.<\/span><\/p>\n<p class=\"cvGsUA direction-ltr align-center para-style-body\" style=\"text-align: left\"><span style=\"color: #0000ff\"><strong><span class=\"a_GcMg font-feature-liga-off font-feature-clig-off font-feature-calt-off text-decoration-none text-strikethrough-none\">Oremos:<\/span><\/strong><\/span><\/p>\n<p class=\"cvGsUA direction-ltr align-justify para-style-body\" style=\"text-align: left\"><span class=\"a_GcMg font-feature-liga-off font-feature-clig-off font-feature-calt-off text-decoration-none text-strikethrough-none\">Deus, todo poderoso e eterno, que por um prod\u00edgio de bondade e miseric\u00f3rdia para a salva\u00e7\u00e3o dos homens, escolhestes para pr\u00edncipe de Vossa Igreja o glorios\u00edssimo Arcanjo S\u00e3o Miguel, tornai-nos dignos, n\u00f3s vo-lo pedimos, de sermos preservados de todos os nossos inimigos, a fim de que na hora da nossa morte nenhum deles nos possa inquietar, mas que nos seja dado de sermos introduzidos por ele na presen\u00e7a da Vossa poderosa e augusta Majestade, pelos merecimentos de Jesus Cristo, Nosso Senhor.<\/span><\/p>\n<p class=\"cvGsUA direction-ltr align-center para-style-body\" style=\"text-align: left\"><strong><span class=\"a_GcMg font-feature-liga-off font-feature-clig-off font-feature-calt-off text-decoration-none text-strikethrough-none\" style=\"color: #0000ff\">Consagra\u00e7\u00e3o a S\u00e3o Miguel Arcanjo<\/span><\/strong><\/p>\n<p class=\"cvGsUA direction-ltr align-justify para-style-body\" style=\"text-align: left\"><span class=\"a_GcMg font-feature-liga-off font-feature-clig-off font-feature-calt-off text-decoration-none text-strikethrough-none\">\u00d3 Pr\u00edncipe nobil\u00edssimo dos Anjos, valoroso guerreiro do Alt\u00edssimo, zeloso defensor da gl\u00f3ria do Senhor, terror dos esp\u00edritos rebeldes, amor e del\u00edcia de todos os Anjos justos, meu dilet\u00edssimo Arcanjo S\u00e3o Miguel, desejando eu fazer parte do n\u00famero dos vossos devotos e servos, a v\u00f3s hoje me consagro, me dou e me ofere\u00e7o e ponho-me a mim pr\u00f3prio, a minha fam\u00edlia e tudo o que me pertence, debaixo da vossa poderos\u00edssima prote\u00e7\u00e3o. \u00c9 pequena a oferta do meu servi\u00e7o, sendo como sou um miser\u00e1vel pecador, mas v\u00f3s engrandecereis o afeto do meu cora\u00e7\u00e3o; recordai-vos que de hoje em diante estou debaixo do vosso sustento e deveis assistir-me em toda a minha vida e obter-me o perd\u00e3o dos meus muitos e graves pecados, a gra\u00e7a de amar a Deus de todo cora\u00e7\u00e3o, ao meu querido Salvador Jesus Cristo e a minha M\u00e3e Maria Sant\u00edssima, obtende-me aqueles aux\u00edlios que me s\u00e3o necess\u00e1rios para obter a coroa da eterna gl\u00f3ria. Defendei-me dos inimigos da alma, especialmente na hora da morte. Vinde, \u00f3 pr\u00edncipe glorios\u00edssimo, assistir-me na \u00faltima luta e com a vossa arma poderosa lan\u00e7ai para longe, precipitando nos abismos do inferno, aquele anjo quebrador de promessas e soberbo que um dia prostrastes no combate no C\u00e9u.<\/span><\/p>\n<p class=\"cvGsUA direction-ltr align-center para-style-body\" style=\"text-align: left\"><span class=\"a_GcMg font-feature-liga-off font-feature-clig-off font-feature-calt-off text-decoration-none text-strikethrough-none\">S\u00e3o Miguel Arcanjo, defendei-nos no combate para que n\u00e3o pere\u00e7amos no supremo ju\u00edzo. Am\u00e9m.<\/span><\/p>\n<p class=\"cvGsUA direction-ltr align-center para-style-body\" style=\"text-align: left\"><span class=\"a_GcMg font-feature-liga-off font-feature-clig-off font-feature-calt-off text-decoration-none text-strikethrough-none\">Em nome do Pai, do Filho e do Esp\u00edrito Santo. Am\u00e9m.<\/span><\/p>\n<p><iframe loading=\"lazy\" title=\"13\u00c2\u00ba dia I Quaresma de S\u00c3\u00a3o Miguel para Crian\u00c3\u00a7as\" width=\"600\" height=\"338\" src=\"https:\/\/www.youtube.com\/embed\/ouT3kfHPjmg?feature=oembed&amp;rel=0\" frameborder=\"0\" allow=\"accelerometer; autoplay; clipboard-write; encrypted-media; gyroscope; picture-in-picture; web-share\" referrerpolicy=\"strict-origin-when-cross-origin\" allowfullscreen><\/iframe><\/p>\n","protected":false},"excerpt":{"rendered":"<p>Que bom estarmos juntos para o nosso 13\u00ba dia da Quaresma de S\u00e3o Miguel Arcanjo, que est\u00e1 no livro: Minha Quaresma de S\u00e3o Miguel. Ele est\u00e1 dispon\u00edvel na Loja Can\u00e7\u00e3o Nova. Voc\u00ea sabia que, no Livro &#8216;Minha Quaresma de S\u00e3o&#8230;<\/p>\n","protected":false},"author":4340,"featured_media":19451,"comment_status":"closed","ping_status":"closed","sticky":false,"template":"","format":"standard","meta":{"_mi_skip_tracking":false,"_monsterinsights_sitenote_active":false,"_monsterinsights_sitenote_note":"","_monsterinsights_sitenote_category":0,"footnotes":""},"categories":[200710],"tags":[],"_links":{"self":[{"href":"https:\/\/blog.cancaonova.com\/paisecatequistas\/wp-json\/wp\/v2\/posts\/19449"}],"collection":[{"href":"https:\/\/blog.cancaonova.com\/paisecatequistas\/wp-json\/wp\/v2\/posts"}],"about":[{"href":"https:\/\/blog.cancaonova.com\/paisecatequistas\/wp-json\/wp\/v2\/types\/post"}],"author":[{"embeddable":true,"href":"https:\/\/blog.cancaonova.com\/paisecatequistas\/wp-json\/wp\/v2\/users\/4340"}],"replies":[{"embeddable":true,"href":"https:\/\/blog.cancaonova.com\/paisecatequistas\/wp-json\/wp\/v2\/comments?post=19449"}],"version-history":[{"count":4,"href":"https:\/\/blog.cancaonova.com\/paisecatequistas\/wp-json\/wp\/v2\/posts\/19449\/revisions"}],"predecessor-version":[{"id":19458,"href":"https:\/\/blog.cancaonova.com\/paisecatequistas\/wp-json\/wp\/v2\/posts\/19449\/revisions\/19458"}],"wp:featuredmedia":[{"embeddable":true,"href":"https:\/\/blog.cancaonova.com\/paisecatequistas\/wp-json\/wp\/v2\/media\/19451"}],"wp:attachment":[{"href":"https:\/\/blog.cancaonova.com\/paisecatequistas\/wp-json\/wp\/v2\/media?parent=19449"}],"wp:term":[{"taxonomy":"category","embeddable":true,"href":"https:\/\/blog.cancaonova.com\/paisecatequistas\/wp-json\/wp\/v2\/categories?post=19449"},{"taxonomy":"post_tag","embeddable":true,"href":"https:\/\/blog.cancaonova.com\/paisecatequistas\/wp-json\/wp\/v2\/tags?post=19449"}],"curies":[{"name":"wp","href":"https:\/\/api.w.org\/{rel}","templated":true}]}}