{"id":19488,"date":"2025-09-02T09:23:21","date_gmt":"2025-09-02T11:23:21","guid":{"rendered":"https:\/\/blog.cancaonova.com\/paisecatequistas\/?p=19488"},"modified":"2025-09-02T10:13:46","modified_gmt":"2025-09-02T12:13:46","slug":"uma-jornada-de-fe","status":"publish","type":"post","link":"https:\/\/blog.cancaonova.com\/paisecatequistas\/uma-jornada-de-fe\/","title":{"rendered":"Uma jornada de f\u00e9"},"content":{"rendered":"<p>Neste m\u00eas, aprenderemos mais sobre uma das virtudes teologais: a f\u00e9; al\u00e9m de continuarmos com a jornada das virtudes e tamb\u00e9m nos divertirmos com as historinhas, atividades e informa\u00e7\u00f5es sobre os santos e a Igreja!<\/p>\n<p>Voc\u00ea j\u00e1 tem a sua revista?<\/p>\n<p><iframe loading=\"lazy\" title=\"Revista Can\u00c3\u00a7\u00c3\u00a3o Nova Kids I Setembro 2025\" width=\"600\" height=\"338\" src=\"https:\/\/www.youtube.com\/embed\/_-sFPTEmxME?feature=oembed&amp;rel=0\" frameborder=\"0\" allow=\"accelerometer; autoplay; clipboard-write; encrypted-media; gyroscope; picture-in-picture; web-share\" referrerpolicy=\"strict-origin-when-cross-origin\" allowfullscreen><\/iframe><\/p>\n<p>Conhe\u00e7a um pouquinho da nossa Revista <a href=\"https:\/\/img.cancaonova.com\/cnimages\/canais\/uploads\/sites\/12\/2025\/08\/Revista-Kids-Setembro-2025Convite.pdf\" target=\"_blank\" rel=\"noopener\">Can\u00e7\u00e3o Nova Kids \u2013 Setembro 2025<\/a><\/p>\n<p>Um conte\u00fado especial que diverte e evangeliza os pequeninos!<\/p>\n<p>Seja um s\u00f3cio evangelizador. Acesse <strong><a href=\"https:\/\/clube.cancaonova.com\/\" target=\"_blank\" rel=\"noopener\">Clube da Evangeliza\u00e7\u00e3o<\/a><\/strong><\/p>\n<p><strong>Pela f\u00e9, somos fam\u00edlia!<\/strong><\/p>\n","protected":false},"excerpt":{"rendered":"<p>Neste m\u00eas, aprenderemos mais sobre uma das virtudes teologais: a F\u00e9!\u00a0<\/p>\n<p>Al\u00e9m de continuar com a Jornada das virtudes, e tamb\u00e9m nos divertir com as historinhas, atividades e informa\u00e7\u00f5es sobre os santos e a Igreja! <a href=\"https:\/\/blog.cancaonova.com\/paisecatequistas\/uma-jornada-de-fe\/\">Continue lendo <span class=\"meta-nav\">&rarr;<\/span><\/a><\/p>\n","protected":false},"author":4340,"featured_media":19489,"comment_status":"closed","ping_status":"closed","sticky":false,"template":"","format":"standard","meta":{"_mi_skip_tracking":false,"_monsterinsights_sitenote_active":false,"_monsterinsights_sitenote_note":"","_monsterinsights_sitenote_category":0,"footnotes":""},"categories":[200710],"tags":[6351,16619,56542,2551,20666,18235,15901],"_links":{"self":[{"href":"https:\/\/blog.cancaonova.com\/paisecatequistas\/wp-json\/wp\/v2\/posts\/19488"}],"collection":[{"href":"https:\/\/blog.cancaonova.com\/paisecatequistas\/wp-json\/wp\/v2\/posts"}],"about":[{"href":"https:\/\/blog.cancaonova.com\/paisecatequistas\/wp-json\/wp\/v2\/types\/post"}],"author":[{"embeddable":true,"href":"https:\/\/blog.cancaonova.com\/paisecatequistas\/wp-json\/wp\/v2\/users\/4340"}],"replies":[{"embeddable":true,"href":"https:\/\/blog.cancaonova.com\/paisecatequistas\/wp-json\/wp\/v2\/comments?post=19488"}],"version-history":[{"count":4,"href":"https:\/\/blog.cancaonova.com\/paisecatequistas\/wp-json\/wp\/v2\/posts\/19488\/revisions"}],"predecessor-version":[{"id":19496,"href":"https:\/\/blog.cancaonova.com\/paisecatequistas\/wp-json\/wp\/v2\/posts\/19488\/revisions\/19496"}],"wp:featuredmedia":[{"embeddable":true,"href":"https:\/\/blog.cancaonova.com\/paisecatequistas\/wp-json\/wp\/v2\/media\/19489"}],"wp:attachment":[{"href":"https:\/\/blog.cancaonova.com\/paisecatequistas\/wp-json\/wp\/v2\/media?parent=19488"}],"wp:term":[{"taxonomy":"category","embeddable":true,"href":"https:\/\/blog.cancaonova.com\/paisecatequistas\/wp-json\/wp\/v2\/categories?post=19488"},{"taxonomy":"post_tag","embeddable":true,"href":"https:\/\/blog.cancaonova.com\/paisecatequistas\/wp-json\/wp\/v2\/tags?post=19488"}],"curies":[{"name":"wp","href":"https:\/\/api.w.org\/{rel}","templated":true}]}}