{"id":19506,"date":"2025-09-04T10:23:41","date_gmt":"2025-09-04T12:23:41","guid":{"rendered":"https:\/\/blog.cancaonova.com\/paisecatequistas\/?p=19506"},"modified":"2025-09-04T10:54:32","modified_gmt":"2025-09-04T12:54:32","slug":"celebre-conosco","status":"publish","type":"post","link":"https:\/\/blog.cancaonova.com\/paisecatequistas\/celebre-conosco\/","title":{"rendered":"Celebre conosco!"},"content":{"rendered":"<p>Estamos em festa! Estamos celebrando os 30 anos de Evangeliza\u00e7\u00e3o atrav\u00e9s do Cantinho da Crian\u00e7a.<\/p>\n<p>Participe dessa festa conosco!<\/p>\n<p><iframe loading=\"lazy\" title=\"30 anos de Festa l Especial Cantinho da Crian\u00c3\u00a7a\" width=\"600\" height=\"338\" src=\"https:\/\/www.youtube.com\/embed\/ifLPnUqNZ58?feature=oembed&amp;rel=0\" frameborder=\"0\" allow=\"accelerometer; autoplay; clipboard-write; encrypted-media; gyroscope; picture-in-picture; web-share\" referrerpolicy=\"strict-origin-when-cross-origin\" allowfullscreen><\/iframe><\/p>\n<p>&nbsp;<\/p>\n","protected":false},"excerpt":{"rendered":"<p>Celebre conosco os 30 anos do Cantinho da Crian\u00e7a na TV Can\u00e7\u00e3o Nova<br \/>\n <a href=\"https:\/\/blog.cancaonova.com\/paisecatequistas\/celebre-conosco\/\">Continue lendo <span class=\"meta-nav\">&rarr;<\/span><\/a><\/p>\n","protected":false},"author":4340,"featured_media":19507,"comment_status":"closed","ping_status":"closed","sticky":false,"template":"","format":"standard","meta":{"_mi_skip_tracking":false,"_monsterinsights_sitenote_active":false,"_monsterinsights_sitenote_note":"","_monsterinsights_sitenote_category":0,"footnotes":""},"categories":[200710],"tags":[5011,16619,8001,7671,16541,37118,289798,201095,791,3691],"_links":{"self":[{"href":"https:\/\/blog.cancaonova.com\/paisecatequistas\/wp-json\/wp\/v2\/posts\/19506"}],"collection":[{"href":"https:\/\/blog.cancaonova.com\/paisecatequistas\/wp-json\/wp\/v2\/posts"}],"about":[{"href":"https:\/\/blog.cancaonova.com\/paisecatequistas\/wp-json\/wp\/v2\/types\/post"}],"author":[{"embeddable":true,"href":"https:\/\/blog.cancaonova.com\/paisecatequistas\/wp-json\/wp\/v2\/users\/4340"}],"replies":[{"embeddable":true,"href":"https:\/\/blog.cancaonova.com\/paisecatequistas\/wp-json\/wp\/v2\/comments?post=19506"}],"version-history":[{"count":2,"href":"https:\/\/blog.cancaonova.com\/paisecatequistas\/wp-json\/wp\/v2\/posts\/19506\/revisions"}],"predecessor-version":[{"id":19509,"href":"https:\/\/blog.cancaonova.com\/paisecatequistas\/wp-json\/wp\/v2\/posts\/19506\/revisions\/19509"}],"wp:featuredmedia":[{"embeddable":true,"href":"https:\/\/blog.cancaonova.com\/paisecatequistas\/wp-json\/wp\/v2\/media\/19507"}],"wp:attachment":[{"href":"https:\/\/blog.cancaonova.com\/paisecatequistas\/wp-json\/wp\/v2\/media?parent=19506"}],"wp:term":[{"taxonomy":"category","embeddable":true,"href":"https:\/\/blog.cancaonova.com\/paisecatequistas\/wp-json\/wp\/v2\/categories?post=19506"},{"taxonomy":"post_tag","embeddable":true,"href":"https:\/\/blog.cancaonova.com\/paisecatequistas\/wp-json\/wp\/v2\/tags?post=19506"}],"curies":[{"name":"wp","href":"https:\/\/api.w.org\/{rel}","templated":true}]}}