{"id":19677,"date":"2025-10-06T15:02:17","date_gmt":"2025-10-06T17:02:17","guid":{"rendered":"https:\/\/blog.cancaonova.com\/paisecatequistas\/?p=19677"},"modified":"2025-10-06T15:13:11","modified_gmt":"2025-10-06T17:13:11","slug":"jornada-da-caridade","status":"publish","type":"post","link":"https:\/\/blog.cancaonova.com\/paisecatequistas\/jornada-da-caridade\/","title":{"rendered":"Jornada da caridade"},"content":{"rendered":"<p><b>Nossas crian\u00e7as embarcar\u00e3o em uma jornada para conhecer a maior de todas as virtudes: a caridade, o amor que dura para sempre no c\u00e9u!<\/b><\/p>\n<p>Com atividades envolventes e conta\u00e7\u00e3o de hist\u00f3rias, elas aprender\u00e3o como cultivar essa <b>virtude essencial<\/b> para trilhar o caminho de uma vida santa.<\/p>\n<p><iframe loading=\"lazy\" title=\"Revista Can\u00c3\u00a7\u00c3\u00a3o Nova Kids I Outubro 2025\" width=\"600\" height=\"338\" src=\"https:\/\/www.youtube.com\/embed\/kPn-x4sKgpM?feature=oembed&amp;rel=0\" frameborder=\"0\" allow=\"accelerometer; autoplay; clipboard-write; encrypted-media; gyroscope; picture-in-picture; web-share\" referrerpolicy=\"strict-origin-when-cross-origin\" allowfullscreen><\/iframe><\/p>\n<p>Confira um pouquinho da Revista <a href=\"https:\/\/img.cancaonova.com\/cnimages\/canais\/uploads\/sites\/12\/2025\/09\/Revista-Cancao-Nova-Kids-Outubro-2025-Site.pdf\" target=\"_blank\" rel=\"noopener\">Can\u00e7\u00e3o Nova Kids \u2013 Outubro 2025<\/a><\/p>\n<p>Um conte\u00fado especial que diverte e evangeliza os pequeninos!<\/p>\n<p><strong><a href=\"https:\/\/clube.cancaonova.com\/\" target=\"_blank\" rel=\"noopener\">Clube da Evangeliza\u00e7\u00e3o<\/a><br \/>\nPela f\u00e9, somos fam\u00edlia!<\/strong><\/p>\n","protected":false},"excerpt":{"rendered":"<p>Neste m\u00eas, os pequeninos aprender\u00e3o mais sobre a \u00fanica virtude que permanece no c\u00e9u: a caridade! Por meio das historinhas, atividades e informa\u00e7\u00f5es, as crian\u00e7as poder\u00e3o cultivar essa importante virtude e se aproximar mais de uma vida santa. <a href=\"https:\/\/blog.cancaonova.com\/paisecatequistas\/jornada-da-caridade\/\">Continue lendo <span class=\"meta-nav\">&rarr;<\/span><\/a><\/p>\n","protected":false},"author":4340,"featured_media":19678,"comment_status":"closed","ping_status":"closed","sticky":false,"template":"","format":"standard","meta":{"_mi_skip_tracking":false,"_monsterinsights_sitenote_active":false,"_monsterinsights_sitenote_note":"","_monsterinsights_sitenote_category":0,"footnotes":""},"categories":[200710],"tags":[6351,15812,26984,289695,7671,289729,18235,19413,15901],"_links":{"self":[{"href":"https:\/\/blog.cancaonova.com\/paisecatequistas\/wp-json\/wp\/v2\/posts\/19677"}],"collection":[{"href":"https:\/\/blog.cancaonova.com\/paisecatequistas\/wp-json\/wp\/v2\/posts"}],"about":[{"href":"https:\/\/blog.cancaonova.com\/paisecatequistas\/wp-json\/wp\/v2\/types\/post"}],"author":[{"embeddable":true,"href":"https:\/\/blog.cancaonova.com\/paisecatequistas\/wp-json\/wp\/v2\/users\/4340"}],"replies":[{"embeddable":true,"href":"https:\/\/blog.cancaonova.com\/paisecatequistas\/wp-json\/wp\/v2\/comments?post=19677"}],"version-history":[{"count":3,"href":"https:\/\/blog.cancaonova.com\/paisecatequistas\/wp-json\/wp\/v2\/posts\/19677\/revisions"}],"predecessor-version":[{"id":19681,"href":"https:\/\/blog.cancaonova.com\/paisecatequistas\/wp-json\/wp\/v2\/posts\/19677\/revisions\/19681"}],"wp:featuredmedia":[{"embeddable":true,"href":"https:\/\/blog.cancaonova.com\/paisecatequistas\/wp-json\/wp\/v2\/media\/19678"}],"wp:attachment":[{"href":"https:\/\/blog.cancaonova.com\/paisecatequistas\/wp-json\/wp\/v2\/media?parent=19677"}],"wp:term":[{"taxonomy":"category","embeddable":true,"href":"https:\/\/blog.cancaonova.com\/paisecatequistas\/wp-json\/wp\/v2\/categories?post=19677"},{"taxonomy":"post_tag","embeddable":true,"href":"https:\/\/blog.cancaonova.com\/paisecatequistas\/wp-json\/wp\/v2\/tags?post=19677"}],"curies":[{"name":"wp","href":"https:\/\/api.w.org\/{rel}","templated":true}]}}