{"id":19715,"date":"2025-10-09T14:59:03","date_gmt":"2025-10-09T16:59:03","guid":{"rendered":"https:\/\/blog.cancaonova.com\/paisecatequistas\/?p=19715"},"modified":"2025-10-09T15:48:04","modified_gmt":"2025-10-09T17:48:04","slug":"cantinho-da-crianca-especial-dia-das-criancas-2025","status":"publish","type":"post","link":"https:\/\/blog.cancaonova.com\/paisecatequistas\/cantinho-da-crianca-especial-dia-das-criancas-2025\/","title":{"rendered":"Cantinho da Crian\u00e7a - Especial Dia das Crian\u00e7as 2025"},"content":{"rendered":"<p data-start=\"817\" data-end=\"1022\">No m\u00eas em que celebramos o dom mais puro e alegre da vida, a inf\u00e2ncia, o <strong data-start=\"892\" data-end=\"926\">Programa <em data-start=\"903\" data-end=\"924\">Cantinho da Crian\u00e7a<\/em><\/strong> preparou um epis\u00f3dio muito especial para os pequenos e para quem tem o cora\u00e7\u00e3o de crian\u00e7a.<\/p>\n<p data-start=\"1024\" data-end=\"1315\">Com can\u00e7\u00f5es, hist\u00f3rias e mensagens cheias de f\u00e9, o especial convida as crian\u00e7as a <strong data-start=\"1106\" data-end=\"1148\">descobrir o quanto s\u00e3o amadas por Deus<\/strong> e chamadas a viver na amizade com Jesus. Cada momento do programa \u00e9 um gesto de ternura, evangeliza\u00e7\u00e3o e muita alegria.<\/p>\n<p data-start=\"1317\" data-end=\"1527\">Mais do que uma comemora\u00e7\u00e3o, o <em data-start=\"1348\" data-end=\"1375\">Especial Dia das Crian\u00e7as<\/em> \u00e9 um <strong data-start=\"1381\" data-end=\"1426\">encontro com a gra\u00e7a de ser filho de Deus<\/strong>, lembrando que a pureza, a alegria e a simplicidade das crian\u00e7as s\u00e3o um reflexo do Reino do C\u00e9u.<\/p>\n<p data-start=\"1317\" data-end=\"1527\"><em>\u201cQuem acolher uma destas crian\u00e7as em meu nome, \u00e9 a mim que estar\u00e1 acolhendo\u201d (Mc 9,37).<\/em><\/p>\n<p data-start=\"1874\" data-end=\"2082\"><strong data-start=\"1883\" data-end=\"1954\">Assista ao Programa Cantinho da Crian\u00e7a \u2013 Especial Dia das Crian\u00e7as<\/strong><br data-start=\"1954\" data-end=\"1957\" \/><br data-start=\"2019\" data-end=\"2022\" \/><strong data-start=\"2025\" data-end=\"2082\">Uma celebra\u00e7\u00e3o que une brincadeira, ora\u00e7\u00e3o e alegria!<\/strong><\/p>\n<p><iframe loading=\"lazy\" title=\"Especial Dia das Crian\u00c3\u00a7as I 2025\" width=\"600\" height=\"338\" src=\"https:\/\/www.youtube.com\/embed\/Icl3EmZVjyE?feature=oembed&amp;rel=0\" frameborder=\"0\" allow=\"accelerometer; autoplay; clipboard-write; encrypted-media; gyroscope; picture-in-picture; web-share\" referrerpolicy=\"strict-origin-when-cross-origin\" allowfullscreen><\/iframe><\/p>\n","protected":false},"excerpt":{"rendered":"<p>Com can\u00e7\u00f5es, hist\u00f3rias e mensagens cheias de f\u00e9, o especial convida as crian\u00e7as a descobrir o quanto s\u00e3o amadas por Deus e chamadas a viver na amizade com Jesus. Cada momento do programa \u00e9 um gesto de ternura e evangeliza\u00e7\u00e3o, feito para iluminar os lares, as par\u00f3quias e as catequeses. <a href=\"https:\/\/blog.cancaonova.com\/paisecatequistas\/cantinho-da-crianca-especial-dia-das-criancas-2025\/\">Continue lendo <span class=\"meta-nav\">&rarr;<\/span><\/a><\/p>\n","protected":false},"author":4340,"featured_media":19721,"comment_status":"closed","ping_status":"closed","sticky":false,"template":"","format":"standard","meta":{"_mi_skip_tracking":false,"_monsterinsights_sitenote_active":false,"_monsterinsights_sitenote_note":"","_monsterinsights_sitenote_category":0,"footnotes":""},"categories":[200710],"tags":[111,31070,6351,26984,18235,19413,8731,289803],"_links":{"self":[{"href":"https:\/\/blog.cancaonova.com\/paisecatequistas\/wp-json\/wp\/v2\/posts\/19715"}],"collection":[{"href":"https:\/\/blog.cancaonova.com\/paisecatequistas\/wp-json\/wp\/v2\/posts"}],"about":[{"href":"https:\/\/blog.cancaonova.com\/paisecatequistas\/wp-json\/wp\/v2\/types\/post"}],"author":[{"embeddable":true,"href":"https:\/\/blog.cancaonova.com\/paisecatequistas\/wp-json\/wp\/v2\/users\/4340"}],"replies":[{"embeddable":true,"href":"https:\/\/blog.cancaonova.com\/paisecatequistas\/wp-json\/wp\/v2\/comments?post=19715"}],"version-history":[{"count":7,"href":"https:\/\/blog.cancaonova.com\/paisecatequistas\/wp-json\/wp\/v2\/posts\/19715\/revisions"}],"predecessor-version":[{"id":19724,"href":"https:\/\/blog.cancaonova.com\/paisecatequistas\/wp-json\/wp\/v2\/posts\/19715\/revisions\/19724"}],"wp:featuredmedia":[{"embeddable":true,"href":"https:\/\/blog.cancaonova.com\/paisecatequistas\/wp-json\/wp\/v2\/media\/19721"}],"wp:attachment":[{"href":"https:\/\/blog.cancaonova.com\/paisecatequistas\/wp-json\/wp\/v2\/media?parent=19715"}],"wp:term":[{"taxonomy":"category","embeddable":true,"href":"https:\/\/blog.cancaonova.com\/paisecatequistas\/wp-json\/wp\/v2\/categories?post=19715"},{"taxonomy":"post_tag","embeddable":true,"href":"https:\/\/blog.cancaonova.com\/paisecatequistas\/wp-json\/wp\/v2\/tags?post=19715"}],"curies":[{"name":"wp","href":"https:\/\/api.w.org\/{rel}","templated":true}]}}