{"id":19746,"date":"2025-10-28T11:04:38","date_gmt":"2025-10-28T13:04:38","guid":{"rendered":"https:\/\/blog.cancaonova.com\/paisecatequistas\/?p=19746"},"modified":"2025-10-28T12:26:17","modified_gmt":"2025-10-28T14:26:17","slug":"fe-e-diversao-aprenda-a-evangelizar-brincando-de-forma-criativa","status":"publish","type":"post","link":"https:\/\/blog.cancaonova.com\/paisecatequistas\/fe-e-diversao-aprenda-a-evangelizar-brincando-de-forma-criativa\/","title":{"rendered":"F\u00e9 e divers\u00e3o: aprenda a evangelizar brincando de forma criativa"},"content":{"rendered":"<p data-start=\"465\" data-end=\"695\">Quem disse que falar de f\u00e9 precisa ser algo s\u00e9rio o tempo todo?<br \/>\n<br data-start=\"531\" data-end=\"534\" \/>O perfil <strong data-start=\"543\" data-end=\"557\">@thepoiint<\/strong>, voltado \u00e0 <strong data-start=\"569\" data-end=\"602\">evangeliza\u00e7\u00e3o de adolescentes<\/strong>, mostra que \u00e9 poss\u00edvel unir <strong data-start=\"631\" data-end=\"648\">f\u00e9 e divers\u00e3o<\/strong> no v\u00eddeo <em data-start=\"658\" data-end=\"692\">Imagem em A\u00e7\u00e3o \u2013 Vers\u00e3o Cat\u00f3lica<\/em>.<\/p>\n<p data-start=\"697\" data-end=\"988\">Os jovens <strong data-start=\"707\" data-end=\"749\">Bia, Carol, Tito, Daniel e Maria Luiza<\/strong> se enfrentam em uma partida superanimada, onde cada desenho tem um tema ligado \u00e0 vida crist\u00e3, aos santos e \u00e0s virtudes.<\/p>\n<p data-start=\"697\" data-end=\"988\">O resultado? Muitas risadas, surpresas e, claro, momentos que nos fazem pensar sobre o que realmente acreditamos.<\/p>\n<p data-start=\"990\" data-end=\"1311\">Mais do que um jogo, o v\u00eddeo \u00e9 um \u00f3timo exemplo de como <strong data-start=\"1046\" data-end=\"1138\">a evangeliza\u00e7\u00e3o pode acontecer de forma leve, criativa e pr\u00f3xima da realidade dos jovens<\/strong>.<\/p>\n<p data-start=\"990\" data-end=\"1311\">Pais, catequistas e l\u00edderes podem se inspirar nessa ideia para deixar os encontros mais din\u00e2micos \u2014 afinal, quando a f\u00e9 \u00e9 vivida com alegria, ela se torna contagiante!<\/p>\n<p data-start=\"1313\" data-end=\"1485\"><strong data-start=\"1316\" data-end=\"1325\">Dica:<\/strong> que tal criar a sua pr\u00f3pria vers\u00e3o do jogo com palavras da B\u00edblia, santos ou virtudes? Assim, cada rodada vira uma oportunidade de aprender e partilhar a f\u00e9.<\/p>\n<p data-start=\"1487\" data-end=\"1678\">Assista ao v\u00eddeo completo e descubra como brincar tamb\u00e9m pode ser um jeito de evangelizar!<\/p>\n<p><iframe loading=\"lazy\" title=\"DESAFIO: IMAGEM &amp; A\u00c3\u0087\u00c3\u0083O VERS\u00c3\u0083O CAT\u00c3\u0093LICA | @THEPOIINT\" width=\"600\" height=\"338\" src=\"https:\/\/www.youtube.com\/embed\/GcERs6h80-o?feature=oembed&amp;rel=0\" frameborder=\"0\" allow=\"accelerometer; autoplay; clipboard-write; encrypted-media; gyroscope; picture-in-picture; web-share\" referrerpolicy=\"strict-origin-when-cross-origin\" allowfullscreen><\/iframe><\/p>\n","protected":false},"excerpt":{"rendered":"<p>Quem disse que falar de f\u00e9 precisa ser algo s\u00e9rio o tempo todo?\u00a0<br \/>\nO perfil @thepoiint, voltado \u00e0 evangeliza\u00e7\u00e3o de adolescentes, mostra que \u00e9 poss\u00edvel unir f\u00e9 e divers\u00e3o no v\u00eddeo Imagem em A\u00e7\u00e3o \u2013 Vers\u00e3o Cat\u00f3lica. <a href=\"https:\/\/blog.cancaonova.com\/paisecatequistas\/fe-e-diversao-aprenda-a-evangelizar-brincando-de-forma-criativa\/\">Continue lendo <span class=\"meta-nav\">&rarr;<\/span><\/a><\/p>\n","protected":false},"author":4340,"featured_media":19747,"comment_status":"closed","ping_status":"closed","sticky":false,"template":"","format":"standard","meta":{"_mi_skip_tracking":false,"_monsterinsights_sitenote_active":false,"_monsterinsights_sitenote_note":"","_monsterinsights_sitenote_category":0,"footnotes":""},"categories":[200710],"tags":[201000,16442,16619,26984,8001,19413],"_links":{"self":[{"href":"https:\/\/blog.cancaonova.com\/paisecatequistas\/wp-json\/wp\/v2\/posts\/19746"}],"collection":[{"href":"https:\/\/blog.cancaonova.com\/paisecatequistas\/wp-json\/wp\/v2\/posts"}],"about":[{"href":"https:\/\/blog.cancaonova.com\/paisecatequistas\/wp-json\/wp\/v2\/types\/post"}],"author":[{"embeddable":true,"href":"https:\/\/blog.cancaonova.com\/paisecatequistas\/wp-json\/wp\/v2\/users\/4340"}],"replies":[{"embeddable":true,"href":"https:\/\/blog.cancaonova.com\/paisecatequistas\/wp-json\/wp\/v2\/comments?post=19746"}],"version-history":[{"count":6,"href":"https:\/\/blog.cancaonova.com\/paisecatequistas\/wp-json\/wp\/v2\/posts\/19746\/revisions"}],"predecessor-version":[{"id":19753,"href":"https:\/\/blog.cancaonova.com\/paisecatequistas\/wp-json\/wp\/v2\/posts\/19746\/revisions\/19753"}],"wp:featuredmedia":[{"embeddable":true,"href":"https:\/\/blog.cancaonova.com\/paisecatequistas\/wp-json\/wp\/v2\/media\/19747"}],"wp:attachment":[{"href":"https:\/\/blog.cancaonova.com\/paisecatequistas\/wp-json\/wp\/v2\/media?parent=19746"}],"wp:term":[{"taxonomy":"category","embeddable":true,"href":"https:\/\/blog.cancaonova.com\/paisecatequistas\/wp-json\/wp\/v2\/categories?post=19746"},{"taxonomy":"post_tag","embeddable":true,"href":"https:\/\/blog.cancaonova.com\/paisecatequistas\/wp-json\/wp\/v2\/tags?post=19746"}],"curies":[{"name":"wp","href":"https:\/\/api.w.org\/{rel}","templated":true}]}}