{"id":19783,"date":"2025-11-07T09:51:47","date_gmt":"2025-11-07T11:51:47","guid":{"rendered":"https:\/\/blog.cancaonova.com\/paisecatequistas\/?p=19783"},"modified":"2025-11-19T09:30:26","modified_gmt":"2025-11-19T11:30:26","slug":"revista-cancao-nova-jornada-da-esperanca","status":"publish","type":"post","link":"https:\/\/blog.cancaonova.com\/paisecatequistas\/revista-cancao-nova-jornada-da-esperanca\/","title":{"rendered":"Revista Can\u00e7\u00e3o Nova - Jornada da Esperan\u00e7a"},"content":{"rendered":"<p>Vamos aprender sobre a \u00faltima virtude antes de finalizarmos a nossa jornada ao C\u00e9u: a esperan\u00e7a! Al\u00e9m, \u00e9 claro, de nos divertirmos com as historinhas, atividades e informa\u00e7\u00f5es que a Revista CN Kids traz para os nossos s\u00f3cios kids!<\/p>\n<p><iframe loading=\"lazy\" title=\"Revista Can\u00c3\u00a7\u00c3\u00a3o Nova Kids I Novembro 2025\" width=\"600\" height=\"338\" src=\"https:\/\/www.youtube.com\/embed\/CDDw9lTrbKA?feature=oembed&amp;rel=0\" frameborder=\"0\" allow=\"accelerometer; autoplay; clipboard-write; encrypted-media; gyroscope; picture-in-picture; web-share\" referrerpolicy=\"strict-origin-when-cross-origin\" allowfullscreen><\/iframe><\/p>\n<p>Confira a pr\u00e9via deste m\u00eas &#8211;\u00a0 <a href=\"https:\/\/img.cancaonova.com\/cnimages\/canais\/uploads\/sites\/12\/2025\/10\/Revista-Cn-Kids-Novembro-2025-Site.pdf\" target=\"_blank\" rel=\"noopener\">Can\u00e7\u00e3o Nova Kids \u2013 Novembro 2025<\/a><\/p>\n<p>Um conte\u00fado especial que diverte e evangeliza os pequeninos!<\/p>\n<p><strong><a href=\"https:\/\/clube.cancaonova.com\/\" target=\"_blank\" rel=\"noopener\">Clube da Evangeliza\u00e7\u00e3o<\/a><br \/>\nPela f\u00e9, somos fam\u00edlia!<\/strong><\/p>\n","protected":false},"excerpt":{"rendered":"<p>Vamos aprender juntos sobre a \u00faltima virtude antes de finalizarmos a nossa jornada ao C\u00e9u: a esperan\u00e7a! Al\u00e9m, \u00e9 claro, de nos divertirmos com as historinhas, atividades e informa\u00e7\u00f5es que a Revista CN Kids traz para os nossos s\u00f3cios kids! <a href=\"https:\/\/blog.cancaonova.com\/paisecatequistas\/revista-cancao-nova-jornada-da-esperanca\/\">Continue lendo <span class=\"meta-nav\">&rarr;<\/span><\/a><\/p>\n","protected":false},"author":4340,"featured_media":19784,"comment_status":"closed","ping_status":"closed","sticky":false,"template":"","format":"standard","meta":{"_mi_skip_tracking":false,"_monsterinsights_sitenote_active":false,"_monsterinsights_sitenote_note":"","_monsterinsights_sitenote_category":0,"footnotes":""},"categories":[200710],"tags":[10251,18235,289810,15901],"_links":{"self":[{"href":"https:\/\/blog.cancaonova.com\/paisecatequistas\/wp-json\/wp\/v2\/posts\/19783"}],"collection":[{"href":"https:\/\/blog.cancaonova.com\/paisecatequistas\/wp-json\/wp\/v2\/posts"}],"about":[{"href":"https:\/\/blog.cancaonova.com\/paisecatequistas\/wp-json\/wp\/v2\/types\/post"}],"author":[{"embeddable":true,"href":"https:\/\/blog.cancaonova.com\/paisecatequistas\/wp-json\/wp\/v2\/users\/4340"}],"replies":[{"embeddable":true,"href":"https:\/\/blog.cancaonova.com\/paisecatequistas\/wp-json\/wp\/v2\/comments?post=19783"}],"version-history":[{"count":3,"href":"https:\/\/blog.cancaonova.com\/paisecatequistas\/wp-json\/wp\/v2\/posts\/19783\/revisions"}],"predecessor-version":[{"id":19795,"href":"https:\/\/blog.cancaonova.com\/paisecatequistas\/wp-json\/wp\/v2\/posts\/19783\/revisions\/19795"}],"wp:featuredmedia":[{"embeddable":true,"href":"https:\/\/blog.cancaonova.com\/paisecatequistas\/wp-json\/wp\/v2\/media\/19784"}],"wp:attachment":[{"href":"https:\/\/blog.cancaonova.com\/paisecatequistas\/wp-json\/wp\/v2\/media?parent=19783"}],"wp:term":[{"taxonomy":"category","embeddable":true,"href":"https:\/\/blog.cancaonova.com\/paisecatequistas\/wp-json\/wp\/v2\/categories?post=19783"},{"taxonomy":"post_tag","embeddable":true,"href":"https:\/\/blog.cancaonova.com\/paisecatequistas\/wp-json\/wp\/v2\/tags?post=19783"}],"curies":[{"name":"wp","href":"https:\/\/api.w.org\/{rel}","templated":true}]}}