{"id":19847,"date":"2025-11-28T10:59:44","date_gmt":"2025-11-28T12:59:44","guid":{"rendered":"https:\/\/blog.cancaonova.com\/paisecatequistas\/?p=19847"},"modified":"2025-11-28T11:27:26","modified_gmt":"2025-11-28T13:27:26","slug":"calendario-advento-cn-kids-vivendo-com-criancas-espera-por-jesus","status":"publish","type":"post","link":"https:\/\/blog.cancaonova.com\/paisecatequistas\/calendario-advento-cn-kids-vivendo-com-criancas-espera-por-jesus\/","title":{"rendered":"Calend\u00e1rio do Advento CN Kids: vivendo com as crian\u00e7as a espera por Jesus!"},"content":{"rendered":"<p data-start=\"184\" data-end=\"460\">O Advento \u00e9 um tempo muito especial: \u00e9 quando preparamos o cora\u00e7\u00e3o para acolher Jesus que vem. E para ajudar as crian\u00e7as a viver essa espera de um jeito simples, alegre e cheio de f\u00e9, preparamos um <strong data-start=\"385\" data-end=\"418\">Calend\u00e1rio do Advento CN Kids<\/strong> com atividades para cada dia at\u00e9 o Natal.<\/p>\n<p data-start=\"462\" data-end=\"723\">Com ele, os pequenos s\u00e3o convidados a <strong data-start=\"500\" data-end=\"550\">rezar, ajudar, agradecer, partilhar e aprender<\/strong>, construindo gestos concretos de amor ao longo do caminho. Cada atividade \u00e9 curtinha, f\u00e1cil de realizar e pensada para aproximar a fam\u00edlia de Deus nesse per\u00edodo t\u00e3o bonito.<\/p>\n<p data-start=\"725\" data-end=\"859\">\u00c9 uma oportunidade de transformar cada dia do Advento em um passo rumo ao pres\u00e9pio \u2014 com mais f\u00e9, mais esperan\u00e7a e alegria!<\/p>\n<p data-start=\"861\" data-end=\"980\">Pais, catequistas e evangelizadores:<br data-start=\"897\" data-end=\"900\" \/><strong data-start=\"900\" data-end=\"980\">Vamos juntos preparar o cora\u00e7\u00e3o das crian\u00e7as para a chegada do Menino Jesus?<\/strong><\/p>\n<p data-start=\"861\" data-end=\"980\"><a href=\"https:\/\/img.cancaonova.com\/cnimages\/especiais\/uploads\/sites\/10\/2025\/11\/CALENDARIO-DO-ADVENTO-2025-I-CN-KIDS.pdf\"><img loading=\"lazy\" decoding=\"async\" class=\"wp-image-19848 alignnone\" src=\"http:\/\/blog.cancaonova.com\/paisecatequistas\/files\/2025\/11\/SITE-ADVENTO.jpg\" alt=\"\" width=\"1221\" height=\"916\" srcset=\"https:\/\/blog.cancaonova.com\/paisecatequistas\/files\/2025\/11\/SITE-ADVENTO.jpg 1600w, https:\/\/blog.cancaonova.com\/paisecatequistas\/files\/2025\/11\/SITE-ADVENTO-300x225.jpg 300w, https:\/\/blog.cancaonova.com\/paisecatequistas\/files\/2025\/11\/SITE-ADVENTO-768x576.jpg 768w, https:\/\/blog.cancaonova.com\/paisecatequistas\/files\/2025\/11\/SITE-ADVENTO-1536x1152.jpg 1536w\" sizes=\"(max-width: 1221px) 100vw, 1221px\" \/><\/a><\/p>\n<p><strong>Baixe o seu clicando na imagem<\/strong><\/p>\n","protected":false},"excerpt":{"rendered":"<p>O Advento \u00e9 um tempo muito especial: \u00e9 quando preparamos o cora\u00e7\u00e3o para acolher Jesus que vem. E, para ajudar as crian\u00e7as a viverem essa espera de um jeito simples, alegre e cheio de f\u00e9, preparamos um Calend\u00e1rio do Advento CN Kids com atividades para cada dia at\u00e9 o Natal. <a href=\"https:\/\/blog.cancaonova.com\/paisecatequistas\/calendario-advento-cn-kids-vivendo-com-criancas-espera-por-jesus\/\">Continue lendo <span class=\"meta-nav\">&rarr;<\/span><\/a><\/p>\n","protected":false},"author":4340,"featured_media":19850,"comment_status":"closed","ping_status":"closed","sticky":false,"template":"","format":"standard","meta":{"_mi_skip_tracking":false,"_monsterinsights_sitenote_active":false,"_monsterinsights_sitenote_note":"","_monsterinsights_sitenote_category":0,"footnotes":""},"categories":[200710],"tags":[289821,289822,289825,5011,16619,289815,289820,26984,289824,289823,289816,289817,289818,18235,8181,192567,289814,289819,289826],"_links":{"self":[{"href":"https:\/\/blog.cancaonova.com\/paisecatequistas\/wp-json\/wp\/v2\/posts\/19847"}],"collection":[{"href":"https:\/\/blog.cancaonova.com\/paisecatequistas\/wp-json\/wp\/v2\/posts"}],"about":[{"href":"https:\/\/blog.cancaonova.com\/paisecatequistas\/wp-json\/wp\/v2\/types\/post"}],"author":[{"embeddable":true,"href":"https:\/\/blog.cancaonova.com\/paisecatequistas\/wp-json\/wp\/v2\/users\/4340"}],"replies":[{"embeddable":true,"href":"https:\/\/blog.cancaonova.com\/paisecatequistas\/wp-json\/wp\/v2\/comments?post=19847"}],"version-history":[{"count":6,"href":"https:\/\/blog.cancaonova.com\/paisecatequistas\/wp-json\/wp\/v2\/posts\/19847\/revisions"}],"predecessor-version":[{"id":19855,"href":"https:\/\/blog.cancaonova.com\/paisecatequistas\/wp-json\/wp\/v2\/posts\/19847\/revisions\/19855"}],"wp:featuredmedia":[{"embeddable":true,"href":"https:\/\/blog.cancaonova.com\/paisecatequistas\/wp-json\/wp\/v2\/media\/19850"}],"wp:attachment":[{"href":"https:\/\/blog.cancaonova.com\/paisecatequistas\/wp-json\/wp\/v2\/media?parent=19847"}],"wp:term":[{"taxonomy":"category","embeddable":true,"href":"https:\/\/blog.cancaonova.com\/paisecatequistas\/wp-json\/wp\/v2\/categories?post=19847"},{"taxonomy":"post_tag","embeddable":true,"href":"https:\/\/blog.cancaonova.com\/paisecatequistas\/wp-json\/wp\/v2\/tags?post=19847"}],"curies":[{"name":"wp","href":"https:\/\/api.w.org\/{rel}","templated":true}]}}