{"id":19876,"date":"2025-12-08T11:33:12","date_gmt":"2025-12-08T13:33:12","guid":{"rendered":"https:\/\/blog.cancaonova.com\/paisecatequistas\/?p=19876"},"modified":"2025-12-08T12:25:40","modified_gmt":"2025-12-08T14:25:40","slug":"esta-jornada-que-nos-leva-ao-paraiso","status":"publish","type":"post","link":"https:\/\/blog.cancaonova.com\/paisecatequistas\/esta-jornada-que-nos-leva-ao-paraiso\/","title":{"rendered":"A jornada que nos leva ao Para\u00edso"},"content":{"rendered":"<p>Chegamos ao \u00faltimo m\u00eas do ano, e tamb\u00e9m ao final da Jornada das Virtudes! Ap\u00f3s nos espelharmos na vida dos santos da Igreja, o nosso destino \u00e9 o c\u00e9u! Nesta edi\u00e7\u00e3o, as crian\u00e7as ter\u00e3o muita divers\u00e3o com as historinhas e atividades, al\u00e9m de aprender mais sobre a nossa f\u00e9.<\/p>\n<p><iframe loading=\"lazy\" title=\"Revista Can\u00c3\u00a7\u00c3\u00a3o Nova Kids I Dezembro 2025\" width=\"600\" height=\"338\" src=\"https:\/\/www.youtube.com\/embed\/TN5ts48gcXs?feature=oembed&amp;rel=0\" frameborder=\"0\" allow=\"accelerometer; autoplay; clipboard-write; encrypted-media; gyroscope; picture-in-picture; web-share\" referrerpolicy=\"strict-origin-when-cross-origin\" allowfullscreen><\/iframe><\/p>\n<p><a href=\"https:\/\/img.cancaonova.com\/cnimages\/canais\/uploads\/sites\/12\/2025\/11\/Revista-Cn-Kids-Dezembro-2025-Site.pdf\" target=\"_blank\" rel=\"noopener\"><img loading=\"lazy\" decoding=\"async\" class=\"wp-image-105865 size-large alignnone\" src=\"https:\/\/img.cancaonova.com\/cnimages\/canais\/uploads\/sites\/12\/2025\/11\/Capa-Revista-Kids-1920x-1080-600x300.jpg\" alt=\"Revista CN Kids - Dezembro 2025\" width=\"600\" height=\"300\" \/><\/a><\/p>\n<p>Confira a pr\u00e9via de Dezembro =&gt;&gt;\u00a0<a href=\"https:\/\/img.cancaonova.com\/cnimages\/canais\/uploads\/sites\/12\/2025\/11\/Revista-Cn-Kids-Dezembro-2025-Site.pdf\" target=\"_blank\" rel=\"noopener\">Can\u00e7\u00e3o Nova Kids \u2013 Dezembro 2025<\/a><\/p>\n<p>Um conte\u00fado especial que diverte e evangeliza os pequeninos!<\/p>\n<p><strong><a href=\"https:\/\/clube.cancaonova.com\/\" target=\"_blank\" rel=\"noopener\">Seja um s\u00f3cio Kids &#8211; Clube da Evangeliza\u00e7\u00e3o<\/a><br \/>\nPela f\u00e9, somos fam\u00edlia!<\/strong><\/p>\n","protected":false},"excerpt":{"rendered":"<p>Chegamos ao \u00faltimo m\u00eas do ano, e tamb\u00e9m ao final da Jornada das Virtudes! Ap\u00f3s nos espelharmos na vida dos santos da Igreja, o nosso destino \u00e9 o c\u00e9u! Nesta edi\u00e7\u00e3o, as crian\u00e7as ter\u00e3o muita divers\u00e3o com as historinhas e atividades, al\u00e9m de aprender mais sobre a nossa f\u00e9! <a href=\"https:\/\/blog.cancaonova.com\/paisecatequistas\/esta-jornada-que-nos-leva-ao-paraiso\/\">Continue lendo <span class=\"meta-nav\">&rarr;<\/span><\/a><\/p>\n","protected":false},"author":4340,"featured_media":19877,"comment_status":"closed","ping_status":"closed","sticky":false,"template":"","format":"standard","meta":{"_mi_skip_tracking":false,"_monsterinsights_sitenote_active":false,"_monsterinsights_sitenote_note":"","_monsterinsights_sitenote_category":0,"footnotes":""},"categories":[200710],"tags":[5011,26984,289695,8001,289729,18235,19413,18794,7361],"_links":{"self":[{"href":"https:\/\/blog.cancaonova.com\/paisecatequistas\/wp-json\/wp\/v2\/posts\/19876"}],"collection":[{"href":"https:\/\/blog.cancaonova.com\/paisecatequistas\/wp-json\/wp\/v2\/posts"}],"about":[{"href":"https:\/\/blog.cancaonova.com\/paisecatequistas\/wp-json\/wp\/v2\/types\/post"}],"author":[{"embeddable":true,"href":"https:\/\/blog.cancaonova.com\/paisecatequistas\/wp-json\/wp\/v2\/users\/4340"}],"replies":[{"embeddable":true,"href":"https:\/\/blog.cancaonova.com\/paisecatequistas\/wp-json\/wp\/v2\/comments?post=19876"}],"version-history":[{"count":3,"href":"https:\/\/blog.cancaonova.com\/paisecatequistas\/wp-json\/wp\/v2\/posts\/19876\/revisions"}],"predecessor-version":[{"id":19880,"href":"https:\/\/blog.cancaonova.com\/paisecatequistas\/wp-json\/wp\/v2\/posts\/19876\/revisions\/19880"}],"wp:featuredmedia":[{"embeddable":true,"href":"https:\/\/blog.cancaonova.com\/paisecatequistas\/wp-json\/wp\/v2\/media\/19877"}],"wp:attachment":[{"href":"https:\/\/blog.cancaonova.com\/paisecatequistas\/wp-json\/wp\/v2\/media?parent=19876"}],"wp:term":[{"taxonomy":"category","embeddable":true,"href":"https:\/\/blog.cancaonova.com\/paisecatequistas\/wp-json\/wp\/v2\/categories?post=19876"},{"taxonomy":"post_tag","embeddable":true,"href":"https:\/\/blog.cancaonova.com\/paisecatequistas\/wp-json\/wp\/v2\/tags?post=19876"}],"curies":[{"name":"wp","href":"https:\/\/api.w.org\/{rel}","templated":true}]}}