{"id":1988,"date":"2011-04-18T09:00:23","date_gmt":"2011-04-18T11:00:23","guid":{"rendered":"http:\/\/blog.cancaonova.com\/paisecatequistas\/?p=1988"},"modified":"2011-12-26T11:56:18","modified_gmt":"2011-12-26T13:56:18","slug":"catequese-deve-ser-viva-e-evangelizadora","status":"publish","type":"post","link":"https:\/\/blog.cancaonova.com\/paisecatequistas\/catequese-deve-ser-viva-e-evangelizadora\/","title":{"rendered":"Catequese deve ser \"viva\" e \"evangelizadora\""},"content":{"rendered":"<p>Na sexta &#8211; feira dia 15 de abril em Roma o cardeal &#8211; patriarca de Lisboa, Don Jos\u00e9 Policarpo, enfatizou a necessidade de uma catequese \u201cviva\u201d e \u201cevangelizadora\u201d na Igreja.<\/p>\n<p>O prelado fez uma confer\u00eancia nessa quinta-feira no 50\u00ba Encontro Nacional de Catequese, que decorre at\u00e9 este s\u00e1bado na Guarda. Ele falou sobre o tema \u2018Catequese no contexto das prioridades pastorais da Igreja em Portugal\u2019.<br \/>\n\u201cA Catequese situa-se no \u00e2mbito do esfor\u00e7o da Igreja se evangelizar continuamente a si mesma, mas n\u00e3o pode desligar-se do dinamismo da miss\u00e3o evangelizadora\u201d, disse, segundo refere \u2018Ag\u00eancia Ecclesia\u2019.<br \/>\nDom Jos\u00e9 Policarpo convidou os educadores crist\u00e3os a n\u00e3o fazerem da catequese \u201cuma escola de doutrina\u201d, mas parte de um processo de crescimento da comunidade crist\u00e3, de conhecimento da Deus, para depois o transmitir aos outros.<br \/>\n\u201cA catequese n\u00e3o pode ser um grupo de estudo e de aprendizagem, nem o catequista \u00e9 um professor. Todas as formas de catequese t\u00eam de ter o ritmo da Igreja que, em comunidade, escuta a Palavra, mergulha na celebra\u00e7\u00e3o do mist\u00e9rio, aprende a rezar e parte a anunciar.\u201d<br \/>\n\u201cA catequese, hoje, n\u00e3o s\u00f3 n\u00e3o pode sublinhar, mas tem de corrigir a tend\u00eancia cultural de querer levar a Igreja a dizer o que cada um quer ouvir\u201d, assinala.<br \/>\nDom Jos\u00e9 Policarpo chamou tamb\u00e9m a aten\u00e7\u00e3o para a necessidade de fazer da catequese um \u201ctempo da Igreja\u201d, incentivando a uma participa\u00e7\u00e3o ativa da comunidade nas celebra\u00e7\u00f5es religiosas, no \u201cencontro com profundo e verdadeiro com Cristo\u201d.<br \/>\nO caminho de catequese \u201cfaz-se em Igreja, participando com ela nos momentos e elementos onde Deus se revela e se nos d\u00e1, para nos introduzir na comunh\u00e3o de vida e de amor: a escuta da Palavra, a celebra\u00e7\u00e3o dos mist\u00e9rios, as exig\u00eancias da miss\u00e3o, aprender a fazer da vida uma express\u00e3o de amor e de louvor\u201d.<br \/>\nSegundo o cardeal, toda a catequese converge para a celebra\u00e7\u00e3o do mist\u00e9rio pascal, na Eucaristia. \u201cO catequista \u00e9, a seu modo, um pastor, sacramento de Cristo, Bom-Pastor, que conduz um grupo de crist\u00e3os a aprofundarem a sua identidade crist\u00e3. Estamos conscientes que da renova\u00e7\u00e3o cont\u00ednua da catequese depende muito a renova\u00e7\u00e3o da Igreja, para poder ser \u2018sal da terra\u2019 e \u2018luz do mundo\u2019.\u201d<br \/>\n\u201cGuardemos apenas esta convic\u00e7\u00e3o \u2013 afirmou o purpurado \u2013: a catequese \u00e9 para toda a vida; todas as suas diversas formas devem convergir para a edifica\u00e7\u00e3o da Igreja, como unidade de f\u00e9 e de comunh\u00e3o.\u201d<\/p>\n<p>Fonte:\u00a0\u00a0<a href=\"http:\/\/www.zenit.org\/portuguese\/\">http:\/\/www.zenit.org\/portuguese\/<\/a><\/p>\n","protected":false},"excerpt":{"rendered":"<p>Na sexta &#8211; feira dia 15 de abril em Roma o cardeal &#8211; patriarca de Lisboa, Don Jos\u00e9 Policarpo, enfatizou a necessidade de uma catequese \u201cviva\u201d e \u201cevangelizadora\u201d na Igreja. O prelado fez uma confer\u00eancia nessa quinta-feira no 50\u00ba Encontro&#8230;<\/p>\n","protected":false},"author":4414,"featured_media":0,"comment_status":"open","ping_status":"open","sticky":false,"template":"","format":"standard","meta":{"_mi_skip_tracking":false,"_monsterinsights_sitenote_active":false,"_monsterinsights_sitenote_note":"","_monsterinsights_sitenote_category":0,"footnotes":""},"categories":[23],"tags":[17384,15521,17377,17146,3671,17107],"_links":{"self":[{"href":"https:\/\/blog.cancaonova.com\/paisecatequistas\/wp-json\/wp\/v2\/posts\/1988"}],"collection":[{"href":"https:\/\/blog.cancaonova.com\/paisecatequistas\/wp-json\/wp\/v2\/posts"}],"about":[{"href":"https:\/\/blog.cancaonova.com\/paisecatequistas\/wp-json\/wp\/v2\/types\/post"}],"author":[{"embeddable":true,"href":"https:\/\/blog.cancaonova.com\/paisecatequistas\/wp-json\/wp\/v2\/users\/4414"}],"replies":[{"embeddable":true,"href":"https:\/\/blog.cancaonova.com\/paisecatequistas\/wp-json\/wp\/v2\/comments?post=1988"}],"version-history":[{"count":7,"href":"https:\/\/blog.cancaonova.com\/paisecatequistas\/wp-json\/wp\/v2\/posts\/1988\/revisions"}],"predecessor-version":[{"id":1990,"href":"https:\/\/blog.cancaonova.com\/paisecatequistas\/wp-json\/wp\/v2\/posts\/1988\/revisions\/1990"}],"wp:attachment":[{"href":"https:\/\/blog.cancaonova.com\/paisecatequistas\/wp-json\/wp\/v2\/media?parent=1988"}],"wp:term":[{"taxonomy":"category","embeddable":true,"href":"https:\/\/blog.cancaonova.com\/paisecatequistas\/wp-json\/wp\/v2\/categories?post=1988"},{"taxonomy":"post_tag","embeddable":true,"href":"https:\/\/blog.cancaonova.com\/paisecatequistas\/wp-json\/wp\/v2\/tags?post=1988"}],"curies":[{"name":"wp","href":"https:\/\/api.w.org\/{rel}","templated":true}]}}